{"id":2572,"date":"2022-11-08T17:49:32","date_gmt":"2022-11-08T16:49:32","guid":{"rendered":"https:\/\/www.brenne-au-coeur.com\/?p=2572"},"modified":"2022-11-22T18:45:46","modified_gmt":"2022-11-22T17:45:46","slug":"les-peintures-de-jean-claude-baron-au-moulin","status":"publish","type":"post","link":"https:\/\/www.brenne-au-coeur.com\/index.php\/2022\/11\/08\/les-peintures-de-jean-claude-baron-au-moulin\/communes\/mezieres-en-brenne\/2572\/","title":{"rendered":"Les peintures de Jean-Claude Baron au Moulin"},"content":{"rendered":"<figure id=\"attachment_3378\" aria-describedby=\"caption-attachment-3378\" style=\"width: 300px\" class=\"wp-caption alignleft\"><a href=\"https:\/\/www.brenne-au-coeur.com\/wp-content\/uploads\/2022\/11\/bouchet.resized.jpg\" rel=\"lightbox[2572]\"><img loading=\"lazy\" decoding=\"async\" class=\"wp-image-3378 size-medium\" src=\"https:\/\/www.brenne-au-coeur.com\/wp-content\/uploads\/2022\/11\/bouchet.resized-300x200.jpg\" alt=\"\" width=\"300\" height=\"200\" srcset=\"https:\/\/www.brenne-au-coeur.com\/wp-content\/uploads\/2022\/11\/bouchet.resized-300x200.jpg 300w, https:\/\/www.brenne-au-coeur.com\/wp-content\/uploads\/2022\/11\/bouchet.resized-272x182.jpg 272w, https:\/\/www.brenne-au-coeur.com\/wp-content\/uploads\/2022\/11\/bouchet.resized.jpg 400w\" sizes=\"auto, (max-width: 300px) 100vw, 300px\" \/><\/a><figcaption id=\"caption-attachment-3378\" class=\"wp-caption-text\">Ch\u00e2teau du Bouchet<\/figcaption><\/figure>\n<p>Jean-Claude Baron expose ses tableaux au Moulin de <a href=\"https:\/\/www.brenne-au-coeur.com\/?s=m%C3%A9zi%C3%A8res\">M\u00e9zi\u00e8res<\/a>, jusqu\u2019au 24 novembre prochain. Comme l\u2019a soulign\u00e9 H\u00e9l\u00e8ne Andrew-Peraldi, lors du vernissage de l\u2019exposition\u00a0: \u00ab\u00a0Celui qui re\u00e7ut le prix du <a href=\"http:\/\/www.gite-moulin.fr\/\">Moulin<\/a> lors du 35\u00e8me Salon des peintres de la Brenne, nous invite \u00e0 voyager avec lui et \u00e0 d\u00e9couvrir au d\u00e9tour du chemin des p\u00e9pites architecturales\u00a0\u00bb<br \/>\nCar, s\u2019il a d\u00e9clar\u00e9 \u00ab\u00a0aimer tout ce qui a v\u00e9cu, ce qui reste de l\u2019\u00e2me humaine, paysages, vieilles pierres, sites industriels\u00a0\u00bb, c\u2019est bien le b\u00e2ti et les d\u00e9tails architecturaux qui l\u2019inspirent le plus et qu\u2019il restitue avec une tr\u00e8s grande authenticit\u00e9. D\u00e8s le premier coup d\u2019\u0153il, on est saisit par la pr\u00e9cision du trait, la nettet\u00e9 des couleurs, la reproduction parfois presque photographique des maisons, des \u00e9glises, des ch\u00e2teaux, de tout ce qui fait la beaut\u00e9 des villages de la r\u00e9gion\u00a0: <a href=\"https:\/\/sainte-severe-sur-indre.fr\/\">Saint-S\u00e9v\u00e8re<\/a>, <a href=\"https:\/\/www.saint-benoit-du-sault.fr\/\">Saint-Benoit-du-Sault<\/a>, <a href=\"https:\/\/www.chateau-bouchet.com\/\">le ch\u00e2teau du Bouche<\/a>t et bien d\u2019autres lieux embl\u00e9matiques. L\u2019exposition nous entra\u00eene \u00e9galement au c\u0153ur de d\u00e9partements proches ou plus \u00e9loign\u00e9s pour d\u00e9couvrir par exemple, un quartier de <a href=\"https:\/\/www.montmorillon.fr\/\">Montmorillon<\/a>, dans la Haute-Vienne voisine ou <a href=\"https:\/\/saint-igest.fr\/\">Saint-Igest<\/a> en Aveyron.<br \/>\nN\u00e9 en 1956 dans l\u2019Indre, Jean Claude Baron a, d\u00e8s l\u2019enfance, aim\u00e9 jouer du pinceau. Il ne renouera avec cette passion qu\u2019au moment de la retraite en raison d\u2019une vie professionnelle de commer\u00e7ant bien remplie. Artiste autodidacte, Jean Claude Baron ressent la peinture comme un besoin vital et y consacre, d\u00e9sormais, une grande partie de son temps. Il se met \u00e0 la peinture en 2017 et, a r\u00e9alis\u00e9 depuis, 450 tableaux de diff\u00e9rents formats. Son m\u00e9dium de pr\u00e9dilection est la peinture acrylique qu\u2019il travaille exclusivement au pinceau m\u00eame s\u2019il n\u2019exclut pas de se servir de d\u2019autres outils. Jean Claude Baron. peint aussi bien en ext\u00e9rieur que dans son atelier d\u2019apr\u00e8s les photos qu\u2019il a prises.<\/p>\n<figure id=\"attachment_3376\" aria-describedby=\"caption-attachment-3376\" style=\"width: 300px\" class=\"wp-caption alignright\"><a href=\"https:\/\/www.brenne-au-coeur.com\/wp-content\/uploads\/2022\/11\/montmorillon.resized.jpg\" rel=\"lightbox[2572]\"><img loading=\"lazy\" decoding=\"async\" class=\"wp-image-3376 size-medium\" src=\"https:\/\/www.brenne-au-coeur.com\/wp-content\/uploads\/2022\/11\/montmorillon.resized-300x200.jpg\" alt=\"\" width=\"300\" height=\"200\" srcset=\"https:\/\/www.brenne-au-coeur.com\/wp-content\/uploads\/2022\/11\/montmorillon.resized-300x200.jpg 300w, https:\/\/www.brenne-au-coeur.com\/wp-content\/uploads\/2022\/11\/montmorillon.resized-272x182.jpg 272w, https:\/\/www.brenne-au-coeur.com\/wp-content\/uploads\/2022\/11\/montmorillon.resized.jpg 400w\" sizes=\"auto, (max-width: 300px) 100vw, 300px\" \/><\/a><figcaption id=\"caption-attachment-3376\" class=\"wp-caption-text\">Montmorillon. P\u00eache sous le pont<\/figcaption><\/figure>\n<p>Il invite le public a effectuer en quelques pas, une belle visite touristique, t\u00e9moignage sans doute de son propre plaisir de se promener, comme l\u2019a rappel\u00e9 H\u00e9l\u00e8ne\u00a0: \u00ab\u00a0Avec sa femme, Marie Christine, ils ont toujours aim\u00e9 sillonner les routes de l\u2019Indre et d\u2019ailleurs, depuis leur fief de <a href=\"https:\/\/prissac.fr\/\">Prissac<\/a>\u00a0\u00bb.<\/p>\n<p>.<\/p>\n<p>.<\/p>\n","protected":false},"excerpt":{"rendered":"<p>Jean-Claude Baron expose ses tableaux au Moulin de M\u00e9zi\u00e8res, jusqu\u2019au 24 novembre prochain. Comme l\u2019a soulign\u00e9 H\u00e9l\u00e8ne Andrew-Peraldi, lors du vernissage de l\u2019exposition\u00a0: \u00ab\u00a0Celui qui re\u00e7ut le prix du Moulin lors du 35\u00e8me Salon des peintres de la Brenne, nous invite \u00e0 voyager avec lui et \u00e0 d\u00e9couvrir au d\u00e9tour du chemin des p\u00e9pites architecturales\u00a0\u00bb&hellip;&nbsp;<a href=\"https:\/\/www.brenne-au-coeur.com\/index.php\/2022\/11\/08\/les-peintures-de-jean-claude-baron-au-moulin\/communes\/mezieres-en-brenne\/2572\/\" rel=\"bookmark\">Lire la suite&nbsp;&raquo;<span class=\"screen-reader-text\">Les peintures de Jean-Claude Baron au Moulin<\/span><\/a><\/p>\n","protected":false},"author":1,"featured_media":2577,"comment_status":"open","ping_status":"open","sticky":false,"template":"","format":"standard","meta":{"rop_custom_images_group":[],"rop_custom_messages_group":[],"rop_publish_now":"initial","rop_publish_now_accounts":[],"rop_publish_now_history":[],"rop_publish_now_status":"pending","_monsterinsights_skip_tracking":false,"_monsterinsights_sitenote_active":false,"_monsterinsights_sitenote_note":"","_monsterinsights_sitenote_category":0,"neve_meta_sidebar":"","neve_meta_container":"","neve_meta_enable_content_width":"off","neve_meta_content_width":70,"neve_meta_title_alignment":"","neve_meta_author_avatar":"","neve_post_elements_order":"","neve_meta_disable_header":"","neve_meta_disable_footer":"","neve_meta_disable_title":"","_jetpack_memberships_contains_paid_content":false,"footnotes":"","jetpack_publicize_message":"","jetpack_publicize_feature_enabled":true,"jetpack_social_post_already_shared":false,"jetpack_social_options":{"image_generator_settings":{"template":"highway","default_image_id":0,"font":"","enabled":false},"version":2}},"categories":[21,12,54],"tags":[31,52,46],"class_list":["post-2572","post","type-post","status-publish","format-standard","has-post-thumbnail","hentry","category-evenements","category-mezieres-en-brenne","category-moulin","tag-associations","tag-exposition","tag-peinture"],"aioseo_notices":[],"jetpack_publicize_connections":[],"jetpack_featured_media_url":"https:\/\/www.brenne-au-coeur.com\/wp-content\/uploads\/2022\/11\/argenton.resized.jpg","jetpack-related-posts":[],"jetpack_sharing_enabled":true,"_links":{"self":[{"href":"https:\/\/www.brenne-au-coeur.com\/index.php\/wp-json\/wp\/v2\/posts\/2572","targetHints":{"allow":["GET"]}}],"collection":[{"href":"https:\/\/www.brenne-au-coeur.com\/index.php\/wp-json\/wp\/v2\/posts"}],"about":[{"href":"https:\/\/www.brenne-au-coeur.com\/index.php\/wp-json\/wp\/v2\/types\/post"}],"author":[{"embeddable":true,"href":"https:\/\/www.brenne-au-coeur.com\/index.php\/wp-json\/wp\/v2\/users\/1"}],"replies":[{"embeddable":true,"href":"https:\/\/www.brenne-au-coeur.com\/index.php\/wp-json\/wp\/v2\/comments?post=2572"}],"version-history":[{"count":4,"href":"https:\/\/www.brenne-au-coeur.com\/index.php\/wp-json\/wp\/v2\/posts\/2572\/revisions"}],"predecessor-version":[{"id":3381,"href":"https:\/\/www.brenne-au-coeur.com\/index.php\/wp-json\/wp\/v2\/posts\/2572\/revisions\/3381"}],"wp:featuredmedia":[{"embeddable":true,"href":"https:\/\/www.brenne-au-coeur.com\/index.php\/wp-json\/wp\/v2\/media\/2577"}],"wp:attachment":[{"href":"https:\/\/www.brenne-au-coeur.com\/index.php\/wp-json\/wp\/v2\/media?parent=2572"}],"wp:term":[{"taxonomy":"category","embeddable":true,"href":"https:\/\/www.brenne-au-coeur.com\/index.php\/wp-json\/wp\/v2\/categories?post=2572"},{"taxonomy":"post_tag","embeddable":true,"href":"https:\/\/www.brenne-au-coeur.com\/index.php\/wp-json\/wp\/v2\/tags?post=2572"}],"curies":[{"name":"wp","href":"https:\/\/api.w.org\/{rel}","templated":true}]}}