{"id":2457,"date":"2022-10-23T16:09:48","date_gmt":"2022-10-23T14:09:48","guid":{"rendered":"https:\/\/www.brenne-au-coeur.com\/?p=2457"},"modified":"2022-11-07T13:40:38","modified_gmt":"2022-11-07T12:40:38","slug":"manieres-detre-vivants","status":"publish","type":"post","link":"https:\/\/www.brenne-au-coeur.com\/index.php\/2022\/10\/23\/manieres-detre-vivants\/communes\/azay-le-ferron-communes\/2457\/","title":{"rendered":"Mani\u00e8res d\u2019\u00eatre vivants"},"content":{"rendered":"<figure id=\"attachment_2527\" aria-describedby=\"caption-attachment-2527\" style=\"width: 300px\" class=\"wp-caption alignleft\"><a href=\"https:\/\/www.brenne-au-coeur.com\/wp-content\/uploads\/2022\/11\/expo-cazy-2.resized.jpg\" rel=\"lightbox[2457]\"><img loading=\"lazy\" decoding=\"async\" class=\"wp-image-2527 size-medium\" src=\"https:\/\/www.brenne-au-coeur.com\/wp-content\/uploads\/2022\/11\/expo-cazy-2.resized-300x200.jpg\" alt=\"\" width=\"300\" height=\"200\" srcset=\"https:\/\/www.brenne-au-coeur.com\/wp-content\/uploads\/2022\/11\/expo-cazy-2.resized-300x200.jpg 300w, https:\/\/www.brenne-au-coeur.com\/wp-content\/uploads\/2022\/11\/expo-cazy-2.resized-768x512.jpg 768w, https:\/\/www.brenne-au-coeur.com\/wp-content\/uploads\/2022\/11\/expo-cazy-2.resized-272x182.jpg 272w, https:\/\/www.brenne-au-coeur.com\/wp-content\/uploads\/2022\/11\/expo-cazy-2.resized.jpg 800w\" sizes=\"auto, (max-width: 300px) 100vw, 300px\" \/><\/a><figcaption id=\"caption-attachment-2527\" class=\"wp-caption-text\">Bouger ensemble un moment de partage (photo Louise Cazy)<\/figcaption><\/figure>\n<p><span style=\"font-size: large;\"><a href=\"https:\/\/www.facebook.com\/people\/M%C3%A9diath%C3%A8que-dAzay-le-Ferron\/100064589056359\/\">La m\u00e9diath\u00e8que d\u2019Azay-le-Ferron<\/a> accueille jusqu\u2019au 2 novembre \u00ab\u00a0Mani\u00e8res d\u2019\u00eatre vivants\u00a0\u00bb, une exposition de photographies de Louise Cazy. Elles ont \u00e9t\u00e9 r\u00e9alis\u00e9es lors d\u2019une s\u00e9rie de dix rencontres artistiques organis\u00e9es entre septembre 2021 et juin 2022. Elles r\u00e9unissaient six r\u00e9sidents du foyer accueil m\u00e9dicalis\u00e9 de <a href=\"http:\/\/www.adapei36.fr\/\">l\u2019ADAPEI 36<\/a> de Ch\u00e2teauroux et quatre danseurs amateurs, autour de <a href=\"https:\/\/www.louisecazy.com\/\">Louise Cazy<\/a> danseuse, chor\u00e9graphe et de la plasticienne <a href=\"https:\/\/pointcontemporain.com\/an-do-tissier-les-irremplacables\/\">An\u2019Do Tissier<\/a>. <\/span><\/p>\n<p><span style=\"font-size: large;\">Ces images portent t\u00e9moignage des activit\u00e9s men\u00e9es par le groupe. L\u2019oeil de la photographe a capt\u00e9 les participants en mouvement, lors du cours de l\u2019atelier danse. Ils sont aussi saisis, durant les travaux de l\u2019atelier d\u2019art. Leur gestuelle pendant les manipulations de branches d\u2019arbre ou le modelage de l&rsquo;argile est restitu\u00e9e avec beaucoup de sensualit\u00e9. <\/span><\/p>\n<p><span style=\"font-size: large;\">Au terme de ce programme, les r\u00e9sidents du foyer ont exprim\u00e9 leur satisfaction. Comme le confirment les propos recueillis par Ymane Nouh.<\/span><\/p>\n<figure id=\"attachment_2526\" aria-describedby=\"caption-attachment-2526\" style=\"width: 300px\" class=\"wp-caption alignright\"><a href=\"https:\/\/www.brenne-au-coeur.com\/wp-content\/uploads\/2022\/11\/expo-cazy-1.resized.jpg\" rel=\"lightbox[2457]\"><img loading=\"lazy\" decoding=\"async\" class=\"wp-image-2526 size-medium\" src=\"https:\/\/www.brenne-au-coeur.com\/wp-content\/uploads\/2022\/11\/expo-cazy-1.resized-300x200.jpg\" alt=\"\" width=\"300\" height=\"200\" srcset=\"https:\/\/www.brenne-au-coeur.com\/wp-content\/uploads\/2022\/11\/expo-cazy-1.resized-300x200.jpg 300w, https:\/\/www.brenne-au-coeur.com\/wp-content\/uploads\/2022\/11\/expo-cazy-1.resized-768x512.jpg 768w, https:\/\/www.brenne-au-coeur.com\/wp-content\/uploads\/2022\/11\/expo-cazy-1.resized-272x182.jpg 272w, https:\/\/www.brenne-au-coeur.com\/wp-content\/uploads\/2022\/11\/expo-cazy-1.resized.jpg 800w\" sizes=\"auto, (max-width: 300px) 100vw, 300px\" \/><\/a><figcaption id=\"caption-attachment-2526\" class=\"wp-caption-text\">\u00c0 chacun son pas (photo Louise Cazy)<\/figcaption><\/figure>\n<p><span style=\"font-size: large;\">\u00ab\u00a0<\/span><span style=\"font-size: large;\"><i>L<\/i><\/span><span style=\"font-family: Liberation Serif, serif;\"><span style=\"font-size: large;\"><i>e travail corporel avec aussi la musique, les pas et le fait de pouvoir faire quelque chose, participer, \u00eatre dans une bulle. C\u2019est une bulle de voyage avec la mer, les vagues quand on bouge les bras, quand on bouge le corps et quand on bouge aussi les pieds\u00a0<\/i><\/span><\/span><span style=\"font-family: Liberation Serif, serif;\"><span style=\"font-size: large;\">\u00bb, <\/span><\/span><span style=\"font-family: Liberation Serif, serif;\"><span style=\"font-size: large;\">explique Serge, qui<\/span><\/span> <span style=\"font-family: Liberation Serif, serif;\"><span style=\"font-size: large;\">se dit m\u00eame \u00e9tonn\u00e9 d\u2019effectuer un certain nombre de gestes. \u00ab\u00a0<\/span><\/span><span style=\"font-family: Liberation Serif, serif;\"><span style=\"font-size: large;\"><i>\u00c7a a \u00e9t\u00e9 une surprise pour moi. Me mettre accroupi, toucher le pied, tirer les bras, me<\/i><\/span><\/span><i> <\/i><span style=\"font-family: Liberation Serif, serif;\"><span style=\"font-size: large;\"><i>relever par en haut comme \u00e7a, me redresser, lever la t\u00eate, lever les bras&#8230; faire bouger tout<\/i><\/span><\/span><i> <\/i><span style=\"font-family: Liberation Serif, serif;\"><span style=\"font-size: large;\"><i>le corps pour aller jusqu\u2019\u00e0 l\u2019\u00e9tirement des bras, des muscles<\/i><\/span><\/span><span style=\"font-family: Liberation Serif, serif;\"><span style=\"font-size: large;\">.\u00a0\u00bb<\/span><\/span><\/p>\n<p><span style=\"font-family: Liberation Serif, serif;\"><span style=\"font-size: large;\">De la m\u00eame fa\u00e7on, B\u00e9n\u00e9dicte exprime le plaisir de r\u00e9aliser quelque chose de nouveau. \u00ab\u00a0<\/span><\/span><span style=\"font-family: Liberation Serif, serif;\"><span style=\"font-size: large;\"><i>Le premier jour j\u2019ai pas r\u00e9ussi \u00e0 aller au sol car j\u2019avais peur de pas me relever et le jour o\u00f9 j\u2019ai \u00e9t\u00e9 au sol j\u2019\u00e9tais heureuse<\/i><\/span><\/span><span style=\"font-family: Liberation Serif, serif;\"><span style=\"font-size: large;\">.\u00a0\u00bb<\/span><\/span><br \/>\n<span style=\"font-size: large;\">Se mouvoir dans l\u2019espace, danser ensemble a cr\u00e9\u00e9 du plaisir. \u00ab\u00a0<\/span><span style=\"font-size: large;\"><i>J\u2019ai aim\u00e9 danser avec tout le monde<\/i><\/span><span style=\"font-size: large;\">\u00a0\u00bb a confi\u00e9 Sylvette, tout comme Serge qui <\/span><span style=\"font-size: large;\">n\u2019avait pour sa part, jamais dans\u00e9, ou Delphine enchant\u00e9e par cette exp\u00e9rience \u00ab\u00a0<\/span><span style=\"font-family: Liberation Serif, serif;\"><span style=\"font-size: large;\"><i>J\u2019ai bien profit\u00e9 de la danse, j\u2019aimerais continuer avec toi, et puis j\u2019ai bien dans\u00e9 les pieds comme \u00e7a et les mains, et puis aussi l\u00e0-bas la terre.\u00a0<\/i><\/span><\/span><span style=\"font-family: Liberation Serif, serif;\"><span style=\"font-size: large;\">\u00bb<\/span><\/span><\/p>\n<figure id=\"attachment_2529\" aria-describedby=\"caption-attachment-2529\" style=\"width: 300px\" class=\"wp-caption alignleft\"><a href=\"https:\/\/www.brenne-au-coeur.com\/wp-content\/uploads\/2022\/11\/expo-cazy-4.resized.jpg\" rel=\"lightbox[2457]\"><img loading=\"lazy\" decoding=\"async\" class=\"wp-image-2529 size-medium\" src=\"https:\/\/www.brenne-au-coeur.com\/wp-content\/uploads\/2022\/11\/expo-cazy-4.resized-300x200.jpg\" alt=\"\" width=\"300\" height=\"200\" srcset=\"https:\/\/www.brenne-au-coeur.com\/wp-content\/uploads\/2022\/11\/expo-cazy-4.resized-300x200.jpg 300w, https:\/\/www.brenne-au-coeur.com\/wp-content\/uploads\/2022\/11\/expo-cazy-4.resized-768x512.jpg 768w, https:\/\/www.brenne-au-coeur.com\/wp-content\/uploads\/2022\/11\/expo-cazy-4.resized-272x182.jpg 272w, https:\/\/www.brenne-au-coeur.com\/wp-content\/uploads\/2022\/11\/expo-cazy-4.resized.jpg 800w\" sizes=\"auto, (max-width: 300px) 100vw, 300px\" \/><\/a><figcaption id=\"caption-attachment-2529\" class=\"wp-caption-text\">Le temps d&rsquo;un rapprochement(photo Mouise Cazy)<\/figcaption><\/figure>\n<p><span style=\"font-family: Liberation Serif, serif;\"><span style=\"font-size: large;\">La Terre, <\/span><\/span><span style=\"font-family: Liberation Serif, serif;\"><span style=\"font-size: large;\">les arbres comme des moyens d\u2019aller \u00e0 sa propre rencontre, et \u00e0 celle des autres. Les r\u00e9sidents du foyer se sont r\u00e9jouit de leur contact.<\/span><\/span><\/p>\n<p><span style=\"font-family: Liberation Serif, serif;\"><span style=\"font-size: large;\">Lorsque l\u2019on a demand\u00e9 \u00e0 Sylvette\u00a0 ce qu\u2019elle avait aim\u00e9 dans l\u2019atelier d\u2019An\u2019Do elle a r\u00e9pondu \u00ab&nbsp;<\/span><\/span><span style=\"font-family: Liberation Serif, serif;\"><span style=\"font-size: large;\"><i>Quand on \u00e9tait dehors on a touch\u00e9 un arbre<\/i><\/span><\/span><span style=\"font-family: Liberation Serif, serif;\"><span style=\"font-size: large;\">.\u00a0\u00bb <\/span><\/span><span style=\"font-family: Liberation Serif, serif;\"><span style=\"font-size: large;\">Un avis partag\u00e9 par B\u00e9n\u00e9dicte \u00ab&nbsp;<\/span><\/span><span style=\"font-family: Liberation Serif, serif;\"><span style=\"font-size: large;\"><i>J\u2019ai aim\u00e9 quand on \u00e9tait dans la nature avec les arbres.<\/i><\/span><\/span><span style=\"font-family: Liberation Serif, serif;\"><span style=\"font-size: large;\">\u00a0\u00bb <\/span><\/span><\/p>\n<p><span style=\"font-family: Liberation Serif, serif;\"><span style=\"font-size: large;\">Serge confirme ce ressenti<\/span><\/span><\/p>\n<p><span style=\"font-family: Liberation Serif, serif;\"><span style=\"font-size: large;\">\u00ab\u00a0<\/span><span style=\"font-size: large;\"><i>\u00c7<\/i><\/span><span style=\"font-size: large;\"><i>a m\u2019a apport\u00e9 pleins de choses, notamment sur l\u2019arbre, le tronc, la for\u00eat, les feuilles, et j\u2019ai<\/i><\/span><i> <\/i><span style=\"font-size: large;\"><i>appris des choses sur l\u2019arbre que l\u2019on reprenait en dansant avec la musique.<\/i><\/span><span style=\"font-size: large;\">\u00a0<\/span><span style=\"font-size: large;\">\u00bb<\/span><\/span><\/p>\n<p><span style=\"font-family: Liberation Serif, serif;\"><span style=\"font-size: large;\">L<\/span><span style=\"font-size: large;\">es r\u00e9sidents ont <\/span><span style=\"font-size: large;\">\u00e9t\u00e9 conquis par<\/span><span style=\"font-size: large;\"> le projet. C\u2019est ce que r\u00e9sume B\u00e9n\u00e9dicte, <\/span><span style=\"font-size: large;\">avec une appr\u00e9ciation sur Louise Cazy, qui semble en dire long sur la qualit\u00e9 des rapports \u00e9tablis entre elle et la danseuse.<\/span><\/span><\/p>\n<p><span style=\"font-family: Liberation Serif, serif;\"><span style=\"font-family: sans-serif;\"><span style=\"font-size: large;\">\u00ab\u00a0<\/span><\/span><span style=\"font-family: sans-serif;\"><span style=\"font-size: large;\"><i>J<\/i><\/span><\/span><span style=\"font-size: large;\"><i>e me suis demand\u00e9e danse inclusive c\u2019est quoi, on fait quoi? J\u2019ai dit je vais essayer mais si je r\u00e9ussis pas j\u2019arr\u00eate. J\u2019ai essay\u00e9, j\u2019ai r\u00e9ussi, j\u2019ai continu\u00e9. Si c\u2019est Louise je refais, si c\u2019est quelqu\u2019un d\u2019autre je fais pas<\/i><\/span><span style=\"font-size: large;\">.\u00a0\u00bb<\/span><\/span><\/p>\n<figure id=\"attachment_2528\" aria-describedby=\"caption-attachment-2528\" style=\"width: 300px\" class=\"wp-caption alignright\"><a href=\"https:\/\/www.brenne-au-coeur.com\/wp-content\/uploads\/2022\/11\/expo-azy-3.resized.jpg\" rel=\"lightbox[2457]\"><img loading=\"lazy\" decoding=\"async\" class=\"wp-image-2528 size-medium\" src=\"https:\/\/www.brenne-au-coeur.com\/wp-content\/uploads\/2022\/11\/expo-azy-3.resized-300x200.jpg\" alt=\"\" width=\"300\" height=\"200\" srcset=\"https:\/\/www.brenne-au-coeur.com\/wp-content\/uploads\/2022\/11\/expo-azy-3.resized-300x200.jpg 300w, https:\/\/www.brenne-au-coeur.com\/wp-content\/uploads\/2022\/11\/expo-azy-3.resized-768x512.jpg 768w, https:\/\/www.brenne-au-coeur.com\/wp-content\/uploads\/2022\/11\/expo-azy-3.resized-272x182.jpg 272w, https:\/\/www.brenne-au-coeur.com\/wp-content\/uploads\/2022\/11\/expo-azy-3.resized.jpg 800w\" sizes=\"auto, (max-width: 300px) 100vw, 300px\" \/><\/a><figcaption id=\"caption-attachment-2528\" class=\"wp-caption-text\">Sentir la mati\u00e8re lorsque l&rsquo;on voit moins bien (photo Louise Cazy)<\/figcaption><\/figure>\n<p><span style=\"font-family: Liberation Serif, serif;\"><span style=\"font-size: large;\">U<\/span><span style=\"font-size: large;\">n tel accueil a de quoi <\/span><span style=\"font-size: large;\">satisfaire<\/span><span style=\"font-size: large;\"> Louise Cazy et le collectif Mondo qui initient ces programmes de danse inclusive. \u00ab\u00a0<\/span><span style=\"font-size: large;\"><i>L<\/i><\/span><span style=\"font-size: large;\"><i>e principe est d\u2019ouvrir la danse \u00e0 tout le monde sans distinction, quelle que soit la situation sociale, l\u2019origine, le niveau de handicap, ou l\u2019\u00e2ge. Elle permet \u00e0 tout un chacun de d\u00e9couvrir son corps, de s\u2019ouvrir \u00e0 l\u2019autre. \u00c7a nous fait bouger, c\u2019est un retour \u00e0 l\u2019humain\u00a0<\/i><\/span><span style=\"font-size: large;\">\u00bb, <\/span><span style=\"font-size: large;\">explique Louise.<\/span><\/span><\/p>\n<p><span style=\"font-family: Liberation Serif, serif;\"><span style=\"font-size: large;\">Dans un monde o\u00f9 la violence, l&rsquo;individualisme, le rejet des diff\u00e9rences semblent gagner du terrain, le travail du collectif Mondo <\/span><span style=\"font-size: large;\">apporte une bouff\u00e9e d\u2019air pur, <\/span><span style=\"font-size: large;\">ouvre le champ des possibles<\/span><span style=\"font-size: large;\"> en<\/span> <span style=\"font-size: large;\">offrant une <\/span><span style=\"font-size: large;\">expression artistique <\/span><span style=\"font-size: large;\">et un espace de cr\u00e9ation, aux femmes et aux hommes de toutes conditions.<\/span><\/span><\/p>\n<p><span style=\"font-family: Liberation Serif, serif;\"><span style=\"font-size: large;\">Au cours des prochains mois, des rendez-vous sont d\u2019ores et d\u00e9j\u00e0 programm\u00e9s.<\/span><\/span><\/p>\n<p><span style=\"font-family: Liberation Serif, serif;\"><span style=\"font-size: large;\">L\u2019exposition Photo \u00ab\u00a0Mani\u00e8res d\u2019\u00eatre vivants\u00a0\u00bb sera pr\u00e9sent\u00e9e conjointement \u00e0 l\u2019oeuvre \u00ab&nbsp;Les irrempla\u00e7ables&nbsp;\u00bb de An\u2019do Tissier \u00e0 la m\u00e9diath\u00e8que de Ch\u00e2teauroux du 4 au 28 f\u00e9vrier, puis \u00e0 l\u2019atelier de La Poissonnerie \u00e0 Ch\u00e2teauroux du 4 mars au 2 avril.<\/span><\/span><\/p>\n<p><span style=\"font-family: Liberation Serif, serif;\"><span style=\"font-size: large;\">Un atelier danse sera ouvert un samedi par mois \u00e0 la <a href=\"https:\/\/mlcbelleisle.com\/\">MLC Belle Isle<\/a> \u00e0 Ch\u00e2teauroux.<\/span><\/span><\/p>\n<p><span style=\"font-family: Liberation Serif, serif;\"><span style=\"font-size: large;\">Un projet Bol\u00e9ro de Ravel avec <a href=\"http:\/\/www.danses-en-l-r.com\/la-compagnie\/ericlanguet\/\">Eric Languet<\/a>, verra le jour, interpr\u00e9t\u00e9 par des danseurs avec ou sans handicap. La pr\u00e9sentation publique aura lieu le samedi 28 janvier \u00e0 MLC Belle Isle.<\/span><\/span><\/p>\n","protected":false},"excerpt":{"rendered":"<p>La m\u00e9diath\u00e8que d\u2019Azay-le-Ferron accueille jusqu\u2019au 2 novembre \u00ab\u00a0Mani\u00e8res d\u2019\u00eatre vivants\u00a0\u00bb, une exposition de photographies de Louise Cazy. Elles ont \u00e9t\u00e9 r\u00e9alis\u00e9es lors d\u2019une s\u00e9rie de dix rencontres artistiques organis\u00e9es entre septembre 2021 et juin 2022. Elles r\u00e9unissaient six r\u00e9sidents du foyer accueil m\u00e9dicalis\u00e9 de l\u2019ADAPEI 36 de Ch\u00e2teauroux et quatre danseurs amateurs, autour de Louise&hellip;&nbsp;<a href=\"https:\/\/www.brenne-au-coeur.com\/index.php\/2022\/10\/23\/manieres-detre-vivants\/communes\/azay-le-ferron-communes\/2457\/\" rel=\"bookmark\">Lire la suite&nbsp;&raquo;<span class=\"screen-reader-text\">Mani\u00e8res d\u2019\u00eatre vivants<\/span><\/a><\/p>\n","protected":false},"author":1,"featured_media":2527,"comment_status":"open","ping_status":"open","sticky":false,"template":"","format":"standard","meta":{"rop_custom_images_group":[],"rop_custom_messages_group":[],"rop_publish_now":"initial","rop_publish_now_accounts":[],"rop_publish_now_history":[],"rop_publish_now_status":"pending","_monsterinsights_skip_tracking":false,"_monsterinsights_sitenote_active":false,"_monsterinsights_sitenote_note":"","_monsterinsights_sitenote_category":0,"neve_meta_sidebar":"","neve_meta_container":"","neve_meta_enable_content_width":"off","neve_meta_content_width":70,"neve_meta_title_alignment":"","neve_meta_author_avatar":"","neve_post_elements_order":"","neve_meta_disable_header":"","neve_meta_disable_footer":"","neve_meta_disable_title":"","_jetpack_memberships_contains_paid_content":false,"footnotes":"","jetpack_publicize_message":"","jetpack_publicize_feature_enabled":true,"jetpack_social_post_already_shared":false,"jetpack_social_options":{"image_generator_settings":{"template":"highway","default_image_id":0,"font":"","enabled":false},"version":2}},"categories":[10,59],"tags":[96,52,58],"class_list":["post-2457","post","type-post","status-publish","format-standard","has-post-thumbnail","hentry","category-azay-le-ferron-communes","category-mediatheque","tag-danse","tag-exposition","tag-photographie"],"aioseo_notices":[],"jetpack_publicize_connections":[],"jetpack_featured_media_url":"https:\/\/www.brenne-au-coeur.com\/wp-content\/uploads\/2022\/11\/expo-cazy-2.resized.jpg","jetpack-related-posts":[],"jetpack_sharing_enabled":true,"_links":{"self":[{"href":"https:\/\/www.brenne-au-coeur.com\/index.php\/wp-json\/wp\/v2\/posts\/2457","targetHints":{"allow":["GET"]}}],"collection":[{"href":"https:\/\/www.brenne-au-coeur.com\/index.php\/wp-json\/wp\/v2\/posts"}],"about":[{"href":"https:\/\/www.brenne-au-coeur.com\/index.php\/wp-json\/wp\/v2\/types\/post"}],"author":[{"embeddable":true,"href":"https:\/\/www.brenne-au-coeur.com\/index.php\/wp-json\/wp\/v2\/users\/1"}],"replies":[{"embeddable":true,"href":"https:\/\/www.brenne-au-coeur.com\/index.php\/wp-json\/wp\/v2\/comments?post=2457"}],"version-history":[{"count":5,"href":"https:\/\/www.brenne-au-coeur.com\/index.php\/wp-json\/wp\/v2\/posts\/2457\/revisions"}],"predecessor-version":[{"id":2547,"href":"https:\/\/www.brenne-au-coeur.com\/index.php\/wp-json\/wp\/v2\/posts\/2457\/revisions\/2547"}],"wp:featuredmedia":[{"embeddable":true,"href":"https:\/\/www.brenne-au-coeur.com\/index.php\/wp-json\/wp\/v2\/media\/2527"}],"wp:attachment":[{"href":"https:\/\/www.brenne-au-coeur.com\/index.php\/wp-json\/wp\/v2\/media?parent=2457"}],"wp:term":[{"taxonomy":"category","embeddable":true,"href":"https:\/\/www.brenne-au-coeur.com\/index.php\/wp-json\/wp\/v2\/categories?post=2457"},{"taxonomy":"post_tag","embeddable":true,"href":"https:\/\/www.brenne-au-coeur.com\/index.php\/wp-json\/wp\/v2\/tags?post=2457"}],"curies":[{"name":"wp","href":"https:\/\/api.w.org\/{rel}","templated":true}]}}