{"id":2318,"date":"2022-08-31T16:29:51","date_gmt":"2022-08-31T14:29:51","guid":{"rendered":"https:\/\/www.brenne-au-coeur.com\/?p=2318"},"modified":"2022-08-31T20:03:06","modified_gmt":"2022-08-31T18:03:06","slug":"brassens-revisite-au-manoir-des-arts","status":"publish","type":"post","link":"https:\/\/www.brenne-au-coeur.com\/index.php\/2022\/08\/31\/brassens-revisite-au-manoir-des-arts\/communes\/obterre\/2318\/","title":{"rendered":"Brassens revisit\u00e9 au Manoir des Arts"},"content":{"rendered":"<figure id=\"attachment_2319\" aria-describedby=\"caption-attachment-2319\" style=\"width: 209px\" class=\"wp-caption alignleft\"><a href=\"https:\/\/www.brenne-au-coeur.com\/wp-content\/uploads\/2022\/08\/brassens.jpeg\" rel=\"lightbox[2318]\"><img loading=\"lazy\" decoding=\"async\" class=\"wp-image-2319 size-full\" src=\"https:\/\/www.brenne-au-coeur.com\/wp-content\/uploads\/2022\/08\/brassens-e1661968904142.jpeg\" alt=\"\" width=\"209\" height=\"217\" \/><\/a><figcaption id=\"caption-attachment-2319\" class=\"wp-caption-text\">Georges Brassens<\/figcaption><\/figure>\n<p><span style=\"font-size: large;\">Dimanche 18 Septembre \u00e0 17h, le <a href=\"https:\/\/www.jaugette.com\/\">Manoir des Arts de Jaugette<\/a>, honorera un artiste majeur de la sc\u00e8ne musicale fran\u00e7aise\u00a0: <a href=\"https:\/\/www.georges-brassens.fr\/\">Georges Brassens<\/a>, dans le cadre des <a href=\"https:\/\/journeesdupatrimoine.culture.gouv.fr\/\">Journ\u00e9es Europ\u00e9ennes du Patrimoines<\/a> (17-18 Septembre). Ce spectacle ach\u00e8ve l\u2019\u00e9dition 2022 des rencontres musicales qui ont f\u00eat\u00e9 dignement leur dixi\u00e8me anniversaire, et procur\u00e9 au public, de belles \u00e9motions.<\/span><\/p>\n<p><span style=\"font-size: large;\">Le r\u00e9pertoire de l\u2019auteur de l\u2019Auvergnat, des Bancs publics, des Copains d\u2019abord et de tant de chefs-d\u2019\u0153uvre, n\u2019en finit pas d\u2019inspirer les artistes. <\/span><\/p>\n<p><span style=\"font-size: large;\">Le Manoir des Arts propose de d\u00e9couvrir ou red\u00e9couvrir quelques une de ces chansons.<\/span><\/p>\n<figure id=\"attachment_2320\" aria-describedby=\"caption-attachment-2320\" style=\"width: 300px\" class=\"wp-caption alignright\"><a href=\"https:\/\/www.brenne-au-coeur.com\/wp-content\/uploads\/2022\/08\/compagnie-cadeem.jpeg\" rel=\"lightbox[2318]\"><img loading=\"lazy\" decoding=\"async\" class=\"wp-image-2320 size-medium\" src=\"https:\/\/www.brenne-au-coeur.com\/wp-content\/uploads\/2022\/08\/compagnie-cadeem-300x161.jpeg\" alt=\"\" width=\"300\" height=\"161\" srcset=\"https:\/\/www.brenne-au-coeur.com\/wp-content\/uploads\/2022\/08\/compagnie-cadeem-300x161.jpeg 300w, https:\/\/www.brenne-au-coeur.com\/wp-content\/uploads\/2022\/08\/compagnie-cadeem.jpeg 306w\" sizes=\"auto, (max-width: 300px) 100vw, 300px\" \/><\/a><figcaption id=\"caption-attachment-2320\" class=\"wp-caption-text\">La Compagnie Cad\u00e9\u00ebm m\u00e8ne des actions de d\u00e9veloppement culturel, plus particuli\u00e8rement dans le domaine des musiques d&rsquo;aujourd&rsquo;hui.<\/figcaption><\/figure>\n<p><span style=\"font-size: large;\">Ce spectacle musical est pr\u00e9sent\u00e9 par la <a href=\"http:\/\/compagnie-cadeem.com\/\">Compagnie Cad\u00e9\u00ebm<\/a>, avec Laurent Montel, ancien pensionnaire de la Com\u00e9die Fran\u00e7aise (texte et chant), accompagn\u00e9 de Eva Barthas (saxophone), Josephine Besan\u00e7on (clarinette) et\u00a0 Anthony Millet (accord\u00e9on). <\/span><\/p>\n<p><span style=\"font-size: large;\">Les arrangements sont de Fran\u00e7ois Bousch, un habitu\u00e9 de Jaugette o\u00f9 il s\u2019est d\u00e9j\u00e0 produit, avec notamment, ses \u00ab\u00a0<span style=\"font-family: Liberation Serif, serif;\">Miroirs d\u2019Espaces\u00a0\u00bb. <\/span><span style=\"font-family: Liberation Serif, serif;\">Une <\/span><span style=\"font-family: Liberation Serif, serif;\">cr\u00e9ation pour \u00e9lectronique et diaporamas, <\/span><span style=\"font-family: Liberation Serif, serif;\">au cour de laquelle <\/span><span style=\"font-family: Liberation Serif, serif;\">le<\/span><span style=\"font-family: Liberation Serif, serif;\">s spectateurs<\/span> <span style=\"font-family: Liberation Serif, serif;\">\u00e9taient<\/span><span style=\"font-family: Liberation Serif, serif;\"> sollicit\u00e9s pour intervenir sur le d\u00e9roulement musical par l\u2019interm\u00e9diaire de leur smartphone. Le compositeur a cr\u00e9\u00e9 une sorte d\u2019alphabet sonore qui permet de transcrire en notes les textes envoy\u00e9s par les t\u00e9l\u00e9phones. <\/span><span style=\"font-family: Liberation Serif, serif;\">La pr\u00e9sence de Fran\u00e7ois Bousch lors d<\/span><span style=\"font-family: Liberation Serif, serif;\">u<\/span><span style=\"font-family: Liberation Serif, serif;\"> r\u00e9cital-hommage \u00e0 Brassens, <\/span><span style=\"font-family: Liberation Serif, serif;\">symbolise<\/span><span style=\"font-family: Liberation Serif, serif;\"> \u00e0 merveille l\u2019esprit du Manoir des Arts&nbsp;: f<\/span><span style=\"font-family: Liberation Serif, serif;\">aire vivre un l<\/span><span style=\"font-family: Liberation Serif, serif;\">ieu de rencontres musicales <\/span><span style=\"font-family: Liberation Serif, serif;\">o\u00f9 se croisent <\/span><span style=\"font-family: Liberation Serif, serif;\">diff\u00e9rents univers. <\/span><span style=\"font-family: Liberation Serif, serif;\">C\u2019est encore vrai pour cette ann\u00e9e 2022. <\/span><span style=\"font-family: Liberation Serif, serif;\">L<\/span><span style=\"font-family: Liberation Serif, serif;\">e premier spectacle se d\u00e9roula le <\/span><span style=\"font-family: Liberation Serif, serif;\">30 avril <\/span><span style=\"font-family: Liberation Serif, serif;\">sur le th\u00e8me \u00ab\u00a0Les chefs d\u2019\u0153uvres du 20\u00e8me si\u00e8cle\u00a0\u00bb<\/span><span style=\"font-family: Liberation Serif, serif;\">. Au programme, le concerto pour main gauche de Ravel et le deuxi\u00e8me concerto de Prokofiev. <\/span><\/span><\/p>\n<figure id=\"attachment_2321\" aria-describedby=\"caption-attachment-2321\" style=\"width: 300px\" class=\"wp-caption alignleft\"><a href=\"https:\/\/www.brenne-au-coeur.com\/wp-content\/uploads\/2022\/08\/ravel.jpeg\" rel=\"lightbox[2318]\"><img loading=\"lazy\" decoding=\"async\" class=\"wp-image-2321 size-full\" src=\"https:\/\/www.brenne-au-coeur.com\/wp-content\/uploads\/2022\/08\/ravel.jpeg\" alt=\"\" width=\"300\" height=\"168\" \/><\/a><figcaption id=\"caption-attachment-2321\" class=\"wp-caption-text\">Maurice Ravel<\/figcaption><\/figure>\n<p><span style=\"font-size: large;\"><span style=\"font-family: Liberation Serif, serif;\">En juillet,<\/span><span style=\"font-family: Liberation Serif, serif;\"> le festival <\/span><span style=\"font-family: Liberation Serif, serif;\">Musique et Magie, <\/span><span style=\"font-family: Liberation Serif, serif;\">a offert <\/span><span style=\"font-family: Liberation Serif, serif;\">plusieurs \u0153uvres, comme celle <\/span><span style=\"font-family: Liberation Serif, serif;\">de Maurice Ravel\u00a0: <\/span><span style=\"font-family: Liberation Serif, serif;\">\u00ab\u00a0<\/span><span style=\"font-family: Liberation Serif, serif;\">L<\/span><span style=\"font-family: Liberation Serif, serif;\">\u2019enfant et les sortil\u00e8ges\u00a0\u00bb. <\/span><\/span><\/p>\n<p><span style=\"font-size: large;\">Le<\/span><span style=\"font-size: large;\">s festivaliers <\/span><span style=\"font-size: large;\">\u00e9taient \u00e9galement invit\u00e9<\/span><span style=\"font-size: large;\">s<\/span><span style=\"font-size: large;\"> \u00e0 <\/span> <span style=\"font-size: large;\">\u00e9cout<\/span><span style=\"font-size: large;\">er<\/span> <span style=\"font-size: large;\">le quatuor<\/span><span style=\"font-size: large;\"> des Ondes <\/span><span style=\"font-size: large;\">M<\/span><span style=\"font-size: large;\">artenot. Un instrument <\/span><span style=\"font-size: large;\">\u00e9lectronique aux sonorit\u00e9s magiques, cr\u00e9er par Maurice Martenot, et pr\u00e9sent\u00e9 au public en 1928. <\/span><\/p>\n<p><span style=\"font-size: large;\">P<\/span><span style=\"font-size: large;\">endant ce festival,<\/span> <span style=\"font-size: large;\">le magicien <\/span><span style=\"font-size: large;\">Bruno Monjal, <\/span><span style=\"font-size: large;\">pos<\/span><span style=\"font-size: large;\">a<\/span><span style=\"font-size: large;\"> son regard et son jeu sur toutes les musiques des grands compositeurs interpr\u00e9t\u00e9es durant <\/span><span style=\"font-size: large;\">ces trois jours<\/span><span style=\"font-size: large;\">, <\/span><span style=\"font-size: large;\">notamment\u00a0<\/span><span style=\"font-size: large;\">les<\/span> <span style=\"font-size: large;\">deux concertos de Mozart pour piano et orchestre, le quintette \u00e0 cordes n\u00b02 de Brahms <\/span><span style=\"font-size: large;\">et<\/span> <span style=\"font-size: large;\">les <\/span><span style=\"font-size: large;\">trois pr\u00e9ludes de Debussy. <\/span><\/p>\n<p><span style=\"font-size: large;\">D<\/span><span style=\"font-size: large;\">es rencontres musicales <\/span><span style=\"font-size: large;\">achev\u00e9es<\/span><span style=\"font-size: large;\"> par une soir\u00e9e consacr\u00e9e au Jazz, <\/span><span style=\"font-size: large;\">en compagnie de<\/span><span style=\"font-size: large;\"> Shai Maestro. <\/span><span style=\"font-size: large;\">Pianiste de renomm\u00e9e mondiale <\/span><span style=\"font-size: large;\">qui <\/span><span style=\"font-size: large;\">se produit avec les plus grands jazzmen du moment. <\/span><span style=\"font-size: large;\">L\u2019\u00e9nonc\u00e9 des \u0153uvres interpr\u00e9t\u00e9es avec toujours autant de virtuosit\u00e9 donne une id\u00e9e de la qualit\u00e9 des programmes propos\u00e9s \u00e0 Jaugette, encore cette ann\u00e9e. Brassens y prendra naturellement toute sa place. <\/span><\/p>\n","protected":false},"excerpt":{"rendered":"<p>Dimanche 18 Septembre \u00e0 17h, le Manoir des Arts de Jaugette, honorera un artiste majeur de la sc\u00e8ne musicale fran\u00e7aise\u00a0: Georges Brassens, dans le cadre des Journ\u00e9es Europ\u00e9ennes du Patrimoines (17-18 Septembre). Ce spectacle ach\u00e8ve l\u2019\u00e9dition 2022 des rencontres musicales qui ont f\u00eat\u00e9 dignement leur dixi\u00e8me anniversaire, et procur\u00e9 au public, de belles \u00e9motions. Le&hellip;&nbsp;<a href=\"https:\/\/www.brenne-au-coeur.com\/index.php\/2022\/08\/31\/brassens-revisite-au-manoir-des-arts\/communes\/obterre\/2318\/\" rel=\"bookmark\">Lire la suite&nbsp;&raquo;<span class=\"screen-reader-text\">Brassens revisit\u00e9 au Manoir des Arts<\/span><\/a><\/p>\n","protected":false},"author":1,"featured_media":2322,"comment_status":"open","ping_status":"open","sticky":false,"template":"","format":"standard","meta":{"rop_custom_images_group":[],"rop_custom_messages_group":[],"rop_publish_now":"initial","rop_publish_now_accounts":[],"rop_publish_now_history":[],"rop_publish_now_status":"pending","_monsterinsights_skip_tracking":false,"_monsterinsights_sitenote_active":false,"_monsterinsights_sitenote_note":"","_monsterinsights_sitenote_category":0,"neve_meta_sidebar":"","neve_meta_container":"","neve_meta_enable_content_width":"off","neve_meta_content_width":70,"neve_meta_title_alignment":"","neve_meta_author_avatar":"","neve_post_elements_order":"","neve_meta_disable_header":"","neve_meta_disable_footer":"","neve_meta_disable_title":"","_jetpack_memberships_contains_paid_content":false,"footnotes":"","jetpack_publicize_message":"","jetpack_publicize_feature_enabled":true,"jetpack_social_post_already_shared":false,"jetpack_social_options":{"image_generator_settings":{"template":"highway","default_image_id":0,"font":"","enabled":false},"version":2}},"categories":[21,63,14],"tags":[31,104,64],"class_list":["post-2318","post","type-post","status-publish","format-standard","has-post-thumbnail","hentry","category-evenements","category-jaugette","category-obterre","tag-associations","tag-chansons","tag-concert"],"aioseo_notices":[],"jetpack_publicize_connections":[],"jetpack_featured_media_url":"https:\/\/www.brenne-au-coeur.com\/wp-content\/uploads\/2022\/08\/Brassens-18-Sept-17h-Jaugette.resized.jpg","jetpack-related-posts":[],"jetpack_sharing_enabled":true,"_links":{"self":[{"href":"https:\/\/www.brenne-au-coeur.com\/index.php\/wp-json\/wp\/v2\/posts\/2318","targetHints":{"allow":["GET"]}}],"collection":[{"href":"https:\/\/www.brenne-au-coeur.com\/index.php\/wp-json\/wp\/v2\/posts"}],"about":[{"href":"https:\/\/www.brenne-au-coeur.com\/index.php\/wp-json\/wp\/v2\/types\/post"}],"author":[{"embeddable":true,"href":"https:\/\/www.brenne-au-coeur.com\/index.php\/wp-json\/wp\/v2\/users\/1"}],"replies":[{"embeddable":true,"href":"https:\/\/www.brenne-au-coeur.com\/index.php\/wp-json\/wp\/v2\/comments?post=2318"}],"version-history":[{"count":5,"href":"https:\/\/www.brenne-au-coeur.com\/index.php\/wp-json\/wp\/v2\/posts\/2318\/revisions"}],"predecessor-version":[{"id":2344,"href":"https:\/\/www.brenne-au-coeur.com\/index.php\/wp-json\/wp\/v2\/posts\/2318\/revisions\/2344"}],"wp:featuredmedia":[{"embeddable":true,"href":"https:\/\/www.brenne-au-coeur.com\/index.php\/wp-json\/wp\/v2\/media\/2322"}],"wp:attachment":[{"href":"https:\/\/www.brenne-au-coeur.com\/index.php\/wp-json\/wp\/v2\/media?parent=2318"}],"wp:term":[{"taxonomy":"category","embeddable":true,"href":"https:\/\/www.brenne-au-coeur.com\/index.php\/wp-json\/wp\/v2\/categories?post=2318"},{"taxonomy":"post_tag","embeddable":true,"href":"https:\/\/www.brenne-au-coeur.com\/index.php\/wp-json\/wp\/v2\/tags?post=2318"}],"curies":[{"name":"wp","href":"https:\/\/api.w.org\/{rel}","templated":true}]}}