{"id":2300,"date":"2022-08-25T15:41:19","date_gmt":"2022-08-25T13:41:19","guid":{"rendered":"https:\/\/www.brenne-au-coeur.com\/?p=2300"},"modified":"2022-08-28T12:12:16","modified_gmt":"2022-08-28T10:12:16","slug":"forum-des-assos-a-azay","status":"publish","type":"post","link":"https:\/\/www.brenne-au-coeur.com\/index.php\/2022\/08\/25\/forum-des-assos-a-azay\/communes\/azay-le-ferron-communes\/2300\/","title":{"rendered":"Forum des Asso\u2019s \u00e0 Azay"},"content":{"rendered":"<figure id=\"attachment_2307\" aria-describedby=\"caption-attachment-2307\" style=\"width: 252px\" class=\"wp-caption alignleft\"><img loading=\"lazy\" decoding=\"async\" class=\"wp-image-2307\" src=\"https:\/\/www.brenne-au-coeur.com\/wp-content\/uploads\/2022\/08\/gym-azay.resized.resized.jpg\" alt=\"\" width=\"252\" height=\"168\" \/><figcaption id=\"caption-attachment-2307\" class=\"wp-caption-text\">La salle des f\u00eates, pour les d\u00e9monstrations de gym et lieu de repli pour le repas en cas de mauvais temps<\/figcaption><\/figure>\n<p>Samedi 3 septembre, les associations d\u2019<a href=\"https:\/\/www.brenne-au-coeur.com\/index.php\/azay-le-ferron\/\">Azay-le-Ferron<\/a> organisent leur premier forum. \u00c0 partir de 14h00, les stands seront install\u00e9s derri\u00e8re la salle des f\u00eates. Mais les animations d\u00e9buteront d\u00e8s le matin. Le club de marche propose une randonn\u00e9e de 9h30 \u00e0 11h30, \u00e0 partir du parking de la salle des f\u00eates. Un cours de gym est \u00e9galement pr\u00e9vu de 11h30 \u00e0 12h \u00e0 la salle des f\u00eates.<br \/>\n\u00c0 14h00, le forum s\u2019ouvrira. Il permettra \u00e0 chaque association de pr\u00e9senter ses activit\u00e9s, souvent de mani\u00e8re ludique. Diverses d\u00e9monstrations seront propos\u00e9es, notamment&nbsp;: par les clubs de foot, de p\u00e9tanque, de gym et de tennis, par les pompiers sur l\u2019utilisation des d\u00e9fibrillateurs, par l\u2019atelier des arts et association le rideau rouge en repr\u00e9sentation des sc\u00e9nettes, par la cr\u00e9ation de broderie par l\u2019association\u00ab&nbsp;point de croix&nbsp;\u00bb.<\/p>\n<p>Un panier garni, dont il faudra en estimer le poids, sera mis en jeu.<\/p>\n<p>\u00c0 16h30, se tiendra le march\u00e9 aux producteurs<\/p>\n<p>\u00c0 18h30, place au repas et \u00e0 diverses d\u00e9monstrations de danses interpr\u00e9t\u00e9es par la Danse Brennouse.<br \/>\nLe repas \u00ab&nbsp;jambon grill\u00e9&nbsp;\u00bb est compos\u00e9 de charcuterie &#8211; jambon grill\u00e9 &amp; l\u00e9gumes &#8211; fromage &#8211; tartelette aux fruits. Le prix est de 14 \u20ac sur r\u00e9servation.<\/p>\n<figure id=\"attachment_2302\" aria-describedby=\"caption-attachment-2302\" style=\"width: 300px\" class=\"wp-caption alignright\"><a href=\"https:\/\/www.brenne-au-coeur.com\/wp-content\/uploads\/2022\/08\/IMG_0150.resized.jpg\" rel=\"lightbox[2300]\"><img loading=\"lazy\" decoding=\"async\" class=\"wp-image-2302 size-medium\" src=\"https:\/\/www.brenne-au-coeur.com\/wp-content\/uploads\/2022\/08\/IMG_0150.resized-300x225.jpg\" alt=\"\" width=\"300\" height=\"225\" srcset=\"https:\/\/www.brenne-au-coeur.com\/wp-content\/uploads\/2022\/08\/IMG_0150.resized-300x225.jpg 300w, https:\/\/www.brenne-au-coeur.com\/wp-content\/uploads\/2022\/08\/IMG_0150.resized.jpg 403w\" sizes=\"auto, (max-width: 300px) 100vw, 300px\" \/><\/a><figcaption id=\"caption-attachment-2302\" class=\"wp-caption-text\">Des producteurs locaux seront pr\u00e9sents comme lors du march\u00e9 de No\u00ebl.<\/figcaption><\/figure>\n<p>La f\u00eate se poursuivra par une soir\u00e9e dansante en plein air, anim\u00e9e par un DJ. (repli dans la salle des f\u00eates en cas de mauvais temps).<\/p>\n<p>La finalit\u00e9 de cette journ\u00e9e est de mieux faire conna\u00eetre l\u2019\u00e9tendue et la diversit\u00e9 de la vie associative \u00e0 Azay-le-Ferron. Les rencontres par l\u2019interm\u00e9diaire d\u2019une activit\u00e9, autour d\u2019un verre, pendant le repas, donneront l\u2019occasion aux habitants d\u2019\u00e9changer avec tous ces b\u00e9n\u00e9voles, qui ne comptent pas leur temps pour d\u00e9velopper la vie culturelle et sportive de leur localit\u00e9.<br \/>\nLe forum des asso\u2019s se d\u00e9roulera gr\u00e2ce \u00e0 la participation des associations suivantes\u00a0:<br \/>\n&#8211; <a href=\"https:\/\/www.facebook.com\/clubdesjeunesferronnais\/\">Club des Jeunes Ferronnais<\/a><br \/>\n&#8211; <a href=\"https:\/\/usaf.footeo.com\/\">US Azay-le-Ferron<\/a><br \/>\n&#8211; <a href=\"https:\/\/www.facebook.com\/Tennis-Club-Ferronnais-104150325210714\/\">Tennis Club Ferronnais<\/a><\/p>\n<figure id=\"attachment_2303\" aria-describedby=\"caption-attachment-2303\" style=\"width: 300px\" class=\"wp-caption alignleft\"><a href=\"https:\/\/www.brenne-au-coeur.com\/wp-content\/uploads\/2022\/08\/marche-de-noel-dazay-8.resized.jpg\" rel=\"lightbox[2300]\"><img loading=\"lazy\" decoding=\"async\" class=\"wp-image-2303 size-medium\" src=\"https:\/\/www.brenne-au-coeur.com\/wp-content\/uploads\/2022\/08\/marche-de-noel-dazay-8.resized-300x225.jpg\" alt=\"\" width=\"300\" height=\"225\" srcset=\"https:\/\/www.brenne-au-coeur.com\/wp-content\/uploads\/2022\/08\/marche-de-noel-dazay-8.resized-300x225.jpg 300w, https:\/\/www.brenne-au-coeur.com\/wp-content\/uploads\/2022\/08\/marche-de-noel-dazay-8.resized.jpg 403w\" sizes=\"auto, (max-width: 300px) 100vw, 300px\" \/><\/a><figcaption id=\"caption-attachment-2303\" class=\"wp-caption-text\">L&rsquo;association \u00ab\u00a0Point de croix\u00a0\u00bb parmi les organisatrices<br \/>du Forum.<\/figcaption><\/figure>\n<p>&#8211; Association point de croix<br \/>\n&#8211; Fitness Azay Le Ferron ~ Club de gym<br \/>\n&#8211; Association de p\u00e9tanque<br \/>\n&#8211; Association des artisans, commer\u00e7ants &amp; professions lib\u00e9rales<br \/>\n&#8211; Association de marche nordique<br \/>\n&#8211; Comit\u00e9 de jumelage<br \/>\n&#8211; Soci\u00e9t\u00e9 communale de chasse<br \/>\n&#8211; Amicale des sapeurs-pompiers<br \/>\n&#8211; Atelier des arts &amp; association le rideau rouge<br \/>\n&#8211; Association Familles Rurales<br \/>\n<span style=\"font-family: Liberation Serif, serif;\"><span style=\"font-size: large;\"><br \/>\n<strong>Infos &amp; r\u00e9servations&nbsp;: 07.71.12.91.85 \/ 06.82.26.22.22<\/strong><\/span><\/span><\/p>\n","protected":false},"excerpt":{"rendered":"<p>Samedi 3 septembre, les associations d\u2019Azay-le-Ferron organisent leur premier forum. \u00c0 partir de 14h00, les stands seront install\u00e9s derri\u00e8re la salle des f\u00eates. Mais les animations d\u00e9buteront d\u00e8s le matin. Le club de marche propose une randonn\u00e9e de 9h30 \u00e0 11h30, \u00e0 partir du parking de la salle des f\u00eates. Un cours de gym est&hellip;&nbsp;<a href=\"https:\/\/www.brenne-au-coeur.com\/index.php\/2022\/08\/25\/forum-des-assos-a-azay\/communes\/azay-le-ferron-communes\/2300\/\" rel=\"bookmark\">Lire la suite&nbsp;&raquo;<span class=\"screen-reader-text\">Forum des Asso\u2019s \u00e0 Azay<\/span><\/a><\/p>\n","protected":false},"author":1,"featured_media":2306,"comment_status":"open","ping_status":"open","sticky":false,"template":"","format":"standard","meta":{"rop_custom_images_group":[],"rop_custom_messages_group":[],"rop_publish_now":"initial","rop_publish_now_accounts":[],"rop_publish_now_history":[],"rop_publish_now_status":"pending","_monsterinsights_skip_tracking":false,"_monsterinsights_sitenote_active":false,"_monsterinsights_sitenote_note":"","_monsterinsights_sitenote_category":0,"neve_meta_sidebar":"","neve_meta_container":"","neve_meta_enable_content_width":"off","neve_meta_content_width":70,"neve_meta_title_alignment":"","neve_meta_author_avatar":"","neve_post_elements_order":"","neve_meta_disable_header":"","neve_meta_disable_footer":"","neve_meta_disable_title":"","_jetpack_memberships_contains_paid_content":false,"footnotes":"","jetpack_publicize_message":"","jetpack_publicize_feature_enabled":true,"jetpack_social_post_already_shared":false,"jetpack_social_options":{"image_generator_settings":{"template":"highway","default_image_id":0,"font":"","enabled":false},"version":2}},"categories":[10,21],"tags":[31],"class_list":["post-2300","post","type-post","status-publish","format-standard","has-post-thumbnail","hentry","category-azay-le-ferron-communes","category-evenements","tag-associations"],"aioseo_notices":[],"jetpack_publicize_connections":[],"jetpack_featured_media_url":"https:\/\/www.brenne-au-coeur.com\/wp-content\/uploads\/2022\/08\/affiche-forum.resized.jpg","jetpack-related-posts":[],"jetpack_sharing_enabled":true,"_links":{"self":[{"href":"https:\/\/www.brenne-au-coeur.com\/index.php\/wp-json\/wp\/v2\/posts\/2300","targetHints":{"allow":["GET"]}}],"collection":[{"href":"https:\/\/www.brenne-au-coeur.com\/index.php\/wp-json\/wp\/v2\/posts"}],"about":[{"href":"https:\/\/www.brenne-au-coeur.com\/index.php\/wp-json\/wp\/v2\/types\/post"}],"author":[{"embeddable":true,"href":"https:\/\/www.brenne-au-coeur.com\/index.php\/wp-json\/wp\/v2\/users\/1"}],"replies":[{"embeddable":true,"href":"https:\/\/www.brenne-au-coeur.com\/index.php\/wp-json\/wp\/v2\/comments?post=2300"}],"version-history":[{"count":9,"href":"https:\/\/www.brenne-au-coeur.com\/index.php\/wp-json\/wp\/v2\/posts\/2300\/revisions"}],"predecessor-version":[{"id":2314,"href":"https:\/\/www.brenne-au-coeur.com\/index.php\/wp-json\/wp\/v2\/posts\/2300\/revisions\/2314"}],"wp:featuredmedia":[{"embeddable":true,"href":"https:\/\/www.brenne-au-coeur.com\/index.php\/wp-json\/wp\/v2\/media\/2306"}],"wp:attachment":[{"href":"https:\/\/www.brenne-au-coeur.com\/index.php\/wp-json\/wp\/v2\/media?parent=2300"}],"wp:term":[{"taxonomy":"category","embeddable":true,"href":"https:\/\/www.brenne-au-coeur.com\/index.php\/wp-json\/wp\/v2\/categories?post=2300"},{"taxonomy":"post_tag","embeddable":true,"href":"https:\/\/www.brenne-au-coeur.com\/index.php\/wp-json\/wp\/v2\/tags?post=2300"}],"curies":[{"name":"wp","href":"https:\/\/api.w.org\/{rel}","templated":true}]}}