{"id":2265,"date":"2022-08-19T09:53:04","date_gmt":"2022-08-19T07:53:04","guid":{"rendered":"https:\/\/www.brenne-au-coeur.com\/?p=2265"},"modified":"2022-08-21T13:27:22","modified_gmt":"2022-08-21T11:27:22","slug":"cap-ou-pas-cap","status":"publish","type":"post","link":"https:\/\/www.brenne-au-coeur.com\/index.php\/2022\/08\/19\/cap-ou-pas-cap\/communes\/azay-le-ferron-communes\/2265\/","title":{"rendered":"Cap ou pas cap\u00a0?"},"content":{"rendered":"<p><span style=\"font-size: large;\">Si vous voulez conna\u00eetre la r\u00e9ponse, rendez-vous \u00e0 la m\u00e9diath\u00e8que d\u2019<a href=\"https:\/\/www.brenne-au-coeur.com\/index.php\/azay-le-ferron\/\">Azay-le-Ferron<\/a>, vendredi 26 ao\u00fbt \u00e0 16h. Vous assisterez \u00e0 une \u0153uvre artistique originale et \u00e9tonnante. Cap ou pas cap&nbsp;? est une clownerie musicale, un divertissement pour tout public, de courte dur\u00e9e (environ trente minutes), Cette pi\u00e8ce \u00e9ph\u00e9m\u00e8re jou\u00e9e seulement \u00e0 5 reprises, est pr\u00e9par\u00e9e en 5 jours par trois artistes, qui n\u2019ont pas ou peu collabor\u00e9 pr\u00e9c\u00e9demment. C\u2019est le principe des \u00ab&nbsp;Paniers Artistiques Solidaires&nbsp;\u00bb. Ce type de cr\u00e9ation est issue de la rencontre d\u2019artistes de disciplines et d\u2019univers souvent diff\u00e9rents. Le dispositif tout \u00e0 fait original, est n\u00e9 en 2021, dans la r\u00e9gion Centre Val-de-Loire, suite \u00e0 la cr\u00e9ation de l\u2019association <a href=\"https:\/\/www.cultivonslessentiel.com\/p\/mode-demploi.html\">Cultivons l\u2019Essentiel<\/a>. Des professionnels du spectacle vivant, se sont regroup\u00e9s pour poursuivre leur m\u00e9tier et surmonter le ch\u00f4mage contraint \u00e0 cause de la crise sanitaire. Les Paniers Artistiques Solidaires a \u00e9t\u00e9 reconduit en 2022 et re\u00e7oit le soutien de partenaires institutionnels et de citoyens engag\u00e9s, tels que Robin Renucci, parrain de l&rsquo;association. Le court-m\u00e9trage ci-joint, r\u00e9alis\u00e9e par Simon Piller pr\u00e9sente le concept, les r\u00e9actions des participants, les organisateurs.<\/p>\n<p>La repr\u00e9sentation du 26 ao\u00fbt \u00e0 Azay est jou\u00e9e par&nbsp;:<br \/>\n<strong>Emmanuel Dollo, Marie Cosset et Cl\u00e9mentine Faucon<\/strong><\/p>\n<p>R\u00e9gie&nbsp;: <strong>Christophe Babot<\/strong><br \/>\nCollaboration artistique&nbsp;: <strong>Sophie Laronde<\/strong><br \/>\nDiffusion&nbsp;: <strong>Pauline Doublier<\/strong><\/span><\/p>\n<p>&nbsp;<\/p>\n<div class=\"nv-iframe-embed\"><div class=\"lyte-wrapper fourthree\" title=\"Cultivons l&amp;#039;Essentiel! &eacute;dition 2021 (court-m&eacute;trage de Simon Piller)\" style=\"width:420px;max-width:100%;margin:5px auto;\"><div class=\"lyMe hidef\" id=\"WYL_xF_gU6RResM\" itemprop=\"video\" itemscope itemtype=\"https:\/\/schema.org\/VideoObject\"><div><meta itemprop=\"thumbnailUrl\" content=\"https:\/\/www.brenne-au-coeur.com\/wp-content\/plugins\/wp-youtube-lyte\/lyteCache.php?origThumbUrl=https%3A%2F%2Fi.ytimg.com%2Fvi%2FxF_gU6RResM%2Fhqdefault.jpg\" \/><meta itemprop=\"embedURL\" content=\"https:\/\/www.youtube.com\/embed\/xF_gU6RResM\" \/><meta itemprop=\"duration\" content=\"PT25M36S\" \/><meta itemprop=\"uploadDate\" content=\"2022-01-01T14:34:13Z\" \/><\/div><div id=\"lyte_xF_gU6RResM\" data-src=\"https:\/\/www.brenne-au-coeur.com\/wp-content\/plugins\/wp-youtube-lyte\/lyteCache.php?origThumbUrl=https%3A%2F%2Fi.ytimg.com%2Fvi%2FxF_gU6RResM%2Fhqdefault.jpg\" class=\"pL\"><div class=\"tC\"><div class=\"tT\" itemprop=\"name\">Cultivons l&#039;Essentiel! \u00e9dition 2021 (court-m\u00e9trage de Simon Piller)<\/div><\/div><div class=\"play\"><\/div><div class=\"ctrl\"><div class=\"Lctrl\"><\/div><div class=\"Rctrl\"><\/div><\/div><\/div><noscript><a href=\"https:\/\/youtu.be\/xF_gU6RResM\" rel=\"nofollow\"><img loading=\"lazy\" decoding=\"async\" src=\"https:\/\/www.brenne-au-coeur.com\/wp-content\/plugins\/wp-youtube-lyte\/lyteCache.php?origThumbUrl=https%3A%2F%2Fi.ytimg.com%2Fvi%2FxF_gU6RResM%2F0.jpg\" alt=\"Cultivons l&amp;#039;Essentiel! &eacute;dition 2021 (court-m&eacute;trage de Simon Piller)\" width=\"420\" height=\"295\" \/><br \/>Lire cette vid\u00e9o sur YouTube<\/a><\/noscript><meta itemprop=\"description\" content=\"En 2020, dans une soci\u00e9t\u00e9 boulevers\u00e9e par la crise sanitaire, des acteurs de la culture se mobilisent et s&#039;unissent dans les th\u00e9\u00e2tres. Simon Piller rencontre alors les protagonistes de &quot;Cultivons l&#039;Essentiel!&quot; une aventure solidaire et 100% artistique inspir\u00e9e d\u2019 &quot;Ouvrir l&#039;Horizon&quot; en Pays de la Loire. Apr\u00e8s des mois de r\u00e9flexion dans un climat d&#039;arr\u00eat total du secteur culturel et la mobilisation d&#039;une quarantaine de b\u00e9n\u00e9voles, 32 Paniers Artistiques et Solidaires sont cr\u00e9\u00e9s en R\u00e9gion Centre-Val de Loire, soit 32 \u00e9quipes artistiques autonomes qui apr\u00e8s seulement 5 jours de r\u00e9p\u00e9titions pr\u00e9sentent 5 repr\u00e9sentations au plus proche des publics. Les t\u00e9moignages capt\u00e9s par Simon Piller marquent le d\u00e9but d&#039;une histoire collective ancr\u00e9e sur son territoire qui f\u00eate sa deuxi\u00e8me ann\u00e9e en 2022. ---------------------- CULTIVONS L&#039;ESSENTIEL ! En novembre 2020, suite \u00e0 la r\u00e9ussite du dispositif Ouvrir l\u2019Horizon en r\u00e9gion Pays de La Loire, le Collectif Intermittents et Pr\u00e9caires d\u2019Indre-et-Loire (CIP37) a lanc\u00e9 Cultivons l&#039;Essentiel ! - les Paniers Artistiques et Solidaires - en r\u00e9gion Centre-Val de Loire. L\u2019objectif est de salarier et prot\u00e9ger les artistes et les technicien.ne.s du secteur du spectacle vivant et de proposer aux publics du territoire des rencontres uniques. Cultivons l&#039;Essentiel ! permet en outre de cultiver et entretenir les savoir-faire et comp\u00e9tences des travailleur\u00b7euse\u00b7s de la culture, \u00e0 l&#039;heure o\u00f9 certain\u00b7e\u00b7s de ces professionnel\u00b7le\u00b7s songent \u00e0 abandonner leur m\u00e9tier \u00e0 cause des conditions devenues trop difficiles pour l\u2019exercer. Ce dispositif a pour volont\u00e9 de remettre la culture au c\u0153ur de la cit\u00e9 en d\u00e9pit de contraintes sanitaires qui impliquent l&#039;annulation r\u00e9currente de tr\u00e8s nombreux spectacles. Un Panier Artistique et Solidaire est la r\u00e9union de 2 \u00e0 4 artistes issu\u00b7e\u00b7s de diff\u00e9rentes disciplines artistiques et un\u00b7e technicien\u00b7ne d&#039;un m\u00eame d\u00e9partement, qui collaborent, en majorit\u00e9, pour la premi\u00e8re fois ensemble. Les \u00e9quipes artistiques sont invit\u00e9es \u00e0 imaginer des formes l\u00e9g\u00e8res et adaptables, accessibles au plus grand nombre. L\u2019objectif est de cr\u00e9er une &quot;petite forme in\u00e9dite&quot; en 5 jours de r\u00e9p\u00e9titions r\u00e9mun\u00e9r\u00e9s. Le Panier Artistique et Solidaire, rattach\u00e9 \u00e0 une structure de production est diffus\u00e9 sur son territoire par les charg\u00e9\u00b7e\u00b7s de diffusion pour 5 restitutions. La libert\u00e9 de cr\u00e9ation est mise \u00e0 l\u2019honneur par l\u2019exposition \u00e0 la po\u00e9sie et la fragilit\u00e9 d&#039;\u0153uvres \u00e9ph\u00e9m\u00e8res, \u00e0 la confrontation \u00e0 l&#039;exp\u00e9rience vivifiante de la surprise. Un reportage r\u00e9alis\u00e9 par \u00a9Simon Piller Un dispositif parrain\u00e9 par Robin Renucci \u2022 Site : https:\/\/www.cultivonslessentiel.com \u2022 Facebook \/ Instagram : retrouvez toute notre actualit\u00e9 sur les r\u00e9seaux sociaux &quot;Cultivons l&#039;Essentiel!&quot; \u2022 Mail : contact@cultivonslessentiel.com\"><\/div><\/div><div class=\"lL\" style=\"max-width:100%;width:420px;margin:5px auto;\"><\/div><\/div>\n","protected":false},"excerpt":{"rendered":"<p>Si vous voulez conna\u00eetre la r\u00e9ponse, rendez-vous \u00e0 la m\u00e9diath\u00e8que d\u2019Azay-le-Ferron, vendredi 26 ao\u00fbt \u00e0 16h. Vous assisterez \u00e0 une \u0153uvre artistique originale et \u00e9tonnante. Cap ou pas cap&nbsp;? est une clownerie musicale, un divertissement pour tout public, de courte dur\u00e9e (environ trente minutes), Cette pi\u00e8ce \u00e9ph\u00e9m\u00e8re jou\u00e9e seulement \u00e0 5 reprises, est pr\u00e9par\u00e9e en&hellip;&nbsp;<a href=\"https:\/\/www.brenne-au-coeur.com\/index.php\/2022\/08\/19\/cap-ou-pas-cap\/communes\/azay-le-ferron-communes\/2265\/\" rel=\"bookmark\">Lire la suite&nbsp;&raquo;<span class=\"screen-reader-text\">Cap ou pas cap\u00a0?<\/span><\/a><\/p>\n","protected":false},"author":1,"featured_media":2267,"comment_status":"open","ping_status":"open","sticky":false,"template":"","format":"standard","meta":{"rop_custom_images_group":[],"rop_custom_messages_group":[],"rop_publish_now":"initial","rop_publish_now_accounts":[],"rop_publish_now_history":[],"rop_publish_now_status":"pending","_monsterinsights_skip_tracking":false,"_monsterinsights_sitenote_active":false,"_monsterinsights_sitenote_note":"","_monsterinsights_sitenote_category":0,"neve_meta_sidebar":"","neve_meta_container":"","neve_meta_enable_content_width":"off","neve_meta_content_width":70,"neve_meta_title_alignment":"","neve_meta_author_avatar":"","neve_post_elements_order":"","neve_meta_disable_header":"","neve_meta_disable_footer":"","neve_meta_disable_title":"","_jetpack_memberships_contains_paid_content":false,"footnotes":"","jetpack_publicize_message":"","jetpack_publicize_feature_enabled":true,"jetpack_social_post_already_shared":false,"jetpack_social_options":{"image_generator_settings":{"template":"highway","default_image_id":0,"font":"","enabled":false},"version":2}},"categories":[10,21,59],"tags":[31,78],"class_list":["post-2265","post","type-post","status-publish","format-standard","has-post-thumbnail","hentry","category-azay-le-ferron-communes","category-evenements","category-mediatheque","tag-associations","tag-spectacle"],"aioseo_notices":[],"jetpack_publicize_connections":[],"jetpack_featured_media_url":"https:\/\/www.brenne-au-coeur.com\/wp-content\/uploads\/2022\/08\/cap-ou-pas-cap.jpg","jetpack-related-posts":[],"jetpack_sharing_enabled":true,"_links":{"self":[{"href":"https:\/\/www.brenne-au-coeur.com\/index.php\/wp-json\/wp\/v2\/posts\/2265","targetHints":{"allow":["GET"]}}],"collection":[{"href":"https:\/\/www.brenne-au-coeur.com\/index.php\/wp-json\/wp\/v2\/posts"}],"about":[{"href":"https:\/\/www.brenne-au-coeur.com\/index.php\/wp-json\/wp\/v2\/types\/post"}],"author":[{"embeddable":true,"href":"https:\/\/www.brenne-au-coeur.com\/index.php\/wp-json\/wp\/v2\/users\/1"}],"replies":[{"embeddable":true,"href":"https:\/\/www.brenne-au-coeur.com\/index.php\/wp-json\/wp\/v2\/comments?post=2265"}],"version-history":[{"count":4,"href":"https:\/\/www.brenne-au-coeur.com\/index.php\/wp-json\/wp\/v2\/posts\/2265\/revisions"}],"predecessor-version":[{"id":2272,"href":"https:\/\/www.brenne-au-coeur.com\/index.php\/wp-json\/wp\/v2\/posts\/2265\/revisions\/2272"}],"wp:featuredmedia":[{"embeddable":true,"href":"https:\/\/www.brenne-au-coeur.com\/index.php\/wp-json\/wp\/v2\/media\/2267"}],"wp:attachment":[{"href":"https:\/\/www.brenne-au-coeur.com\/index.php\/wp-json\/wp\/v2\/media?parent=2265"}],"wp:term":[{"taxonomy":"category","embeddable":true,"href":"https:\/\/www.brenne-au-coeur.com\/index.php\/wp-json\/wp\/v2\/categories?post=2265"},{"taxonomy":"post_tag","embeddable":true,"href":"https:\/\/www.brenne-au-coeur.com\/index.php\/wp-json\/wp\/v2\/tags?post=2265"}],"curies":[{"name":"wp","href":"https:\/\/api.w.org\/{rel}","templated":true}]}}