{"id":2254,"date":"2022-08-17T17:47:44","date_gmt":"2022-08-17T15:47:44","guid":{"rendered":"https:\/\/www.brenne-au-coeur.com\/?p=2254"},"modified":"2022-08-21T13:40:08","modified_gmt":"2022-08-21T11:40:08","slug":"le-nord-invite-au-moulin","status":"publish","type":"post","link":"https:\/\/www.brenne-au-coeur.com\/index.php\/2022\/08\/17\/le-nord-invite-au-moulin\/communes\/mezieres-en-brenne\/2254\/","title":{"rendered":"Le Nord invit\u00e9 au Moulin"},"content":{"rendered":"<figure id=\"attachment_2257\" aria-describedby=\"caption-attachment-2257\" style=\"width: 200px\" class=\"wp-caption alignleft\"><a href=\"https:\/\/www.brenne-au-coeur.com\/wp-content\/uploads\/2022\/08\/mebas-2022-2.resized-rotated.jpg\" rel=\"lightbox[2254]\"><img loading=\"lazy\" decoding=\"async\" class=\"wp-image-2257 size-medium\" src=\"https:\/\/www.brenne-au-coeur.com\/wp-content\/uploads\/2022\/08\/mebas-2022-2.resized-200x300.jpg\" alt=\"\" width=\"200\" height=\"300\" srcset=\"https:\/\/www.brenne-au-coeur.com\/wp-content\/uploads\/2022\/08\/mebas-2022-2.resized-200x300.jpg 200w, https:\/\/www.brenne-au-coeur.com\/wp-content\/uploads\/2022\/08\/mebas-2022-2.resized-rotated.jpg 266w\" sizes=\"auto, (max-width: 200px) 100vw, 200px\" \/><\/a><figcaption id=\"caption-attachment-2257\" class=\"wp-caption-text\">Port de Dunkerque<\/figcaption><\/figure>\n<p>L\u2019\u00e9dition 2022 du M\u00e9zi\u00e8res-En-Brenne Art Contemporain (<a href=\"https:\/\/www.parc-naturel-brenne.fr\/agenda\/expositions-temporaires\/mebac-exposition-d-art-contemporain-187-2022-09-01\">MEBAC<\/a>) accueille les \u0153uvres de Fran\u00e7ois Lesage, jusqu\u2019au 1e septembre.<\/p>\n<p>La salle d\u2019exposition de l\u2019association le Moulin transporte les visiteurs dans le nord du pays. Sur les murs se c\u00f4toient les paysages de la c\u00f4te d\u2019Opale, les plages du nord, de Malo les Bains, Wissant, Dunkerque, mais aussi des Pays-Bas. <em>\u00ab\u00a0Ses ciels tourment\u00e9s passent par tout un cama\u00efeux de bleus, de gris, aux ciels sereins, d\u00e9grad\u00e9s de roses, de bleus et blanc. Le port de Dunkerque, la cit\u00e9 industrielle, ses grues et ses \u00e9difices ont \u00e9galement toujours fascin\u00e9 le peintre.<\/em><\/p>\n<p><em>Fran\u00e7ois Lesage joue de sa palette de peinture \u00e0 l\u2019huile qu\u2019il \u00e9tale au couteau ou au pinceau pour nous transporter dans cette r\u00e9gion qu\u2019il peint d\u2019apr\u00e8s des photos prises sur site\u00a0\u00bb<\/em> a expliqu\u00e9 H\u00e9l\u00e8ne Andrews-Peraldi, de l&rsquo;association \u00ab\u00a0le Moulin\u00a0\u00bb, lors du vernissage de l&rsquo;exposition.<\/p>\n<figure id=\"attachment_2256\" aria-describedby=\"caption-attachment-2256\" style=\"width: 200px\" class=\"wp-caption alignright\"><a href=\"https:\/\/www.brenne-au-coeur.com\/wp-content\/uploads\/2022\/08\/mebac-2022-1.resized-rotated.jpg\" rel=\"lightbox[2254]\"><img loading=\"lazy\" decoding=\"async\" class=\"wp-image-2256 size-medium\" src=\"https:\/\/www.brenne-au-coeur.com\/wp-content\/uploads\/2022\/08\/mebac-2022-1.resized-200x300.jpg\" alt=\"\" width=\"200\" height=\"300\" srcset=\"https:\/\/www.brenne-au-coeur.com\/wp-content\/uploads\/2022\/08\/mebac-2022-1.resized-200x300.jpg 200w, https:\/\/www.brenne-au-coeur.com\/wp-content\/uploads\/2022\/08\/mebac-2022-1.resized-rotated.jpg 266w\" sizes=\"auto, (max-width: 200px) 100vw, 200px\" \/><\/a><figcaption id=\"caption-attachment-2256\" class=\"wp-caption-text\">Soutenir le Terre<\/figcaption><\/figure>\n<p>Il quitte parfois le monde r\u00e9el pour nous emmener dans ses r\u00eaves. Une cit\u00e9 imaginaire, une terre port\u00e9e, c\u00e9l\u00e9br\u00e9e, soutenue par une humanit\u00e9 g\u00e9n\u00e9reuse.<br \/>\nN\u00e9 \u00e0 Paris en f\u00e9vrier 1938, Fran\u00e7ois Lesage suit ses parents \u00e0 Lille puis \u00e0 Nancy.<\/p>\n<p>Il exerce le m\u00e9tier de professeur de fran\u00e7ais au lyc\u00e9e Jean Bart de Dunkerque puis, lors de son d\u00e9part \u00e0 la retraite, il s\u2019installe \u00e0 Domancy, pr\u00e8s de Sallanches, en Haute-Savoie. Actuellement il partage sa vie, entre Sallanches et M\u00e9zi\u00e8res en Brenne.<\/p>\n<figure id=\"attachment_2258\" aria-describedby=\"caption-attachment-2258\" style=\"width: 200px\" class=\"wp-caption alignleft\"><a href=\"https:\/\/www.brenne-au-coeur.com\/wp-content\/uploads\/2022\/08\/mebac2022-3.resized-rotated.jpg\" rel=\"lightbox[2254]\"><img loading=\"lazy\" decoding=\"async\" class=\"wp-image-2258 size-medium\" src=\"https:\/\/www.brenne-au-coeur.com\/wp-content\/uploads\/2022\/08\/mebac2022-3.resized-200x300.jpg\" alt=\"\" width=\"200\" height=\"300\" srcset=\"https:\/\/www.brenne-au-coeur.com\/wp-content\/uploads\/2022\/08\/mebac2022-3.resized-200x300.jpg 200w, https:\/\/www.brenne-au-coeur.com\/wp-content\/uploads\/2022\/08\/mebac2022-3.resized-rotated.jpg 266w\" sizes=\"auto, (max-width: 200px) 100vw, 200px\" \/><\/a><figcaption id=\"caption-attachment-2258\" class=\"wp-caption-text\">Ville imaginaire<\/figcaption><\/figure>\n<p>Cet homme aux passions multiples (lecture, musique, peinture, sculpture, cin\u00e9ma et th\u00e9\u00e2tre) est \u00e9galement amoureux de la montagne et des sports de glisse. Il reste cependant, tr\u00e8s attach\u00e9 au Nord (Malo les Bains, Dunkerque-son port et ses industries, la c\u00f4te d\u2019Opale, Saint Omer, les Monts de Flandre, Bruges, la c\u00f4te Hollandaise\u2026)<\/p>\n<p><strong>La salle d\u2019exposition est ouvert tous les jours de 9h30 \u00e0 12h30 et 15h \u00e0 19h. Entr\u00e9e gratuite.<\/strong><\/p>\n","protected":false},"excerpt":{"rendered":"<p>L\u2019\u00e9dition 2022 du M\u00e9zi\u00e8res-En-Brenne Art Contemporain (MEBAC) accueille les \u0153uvres de Fran\u00e7ois Lesage, jusqu\u2019au 1e septembre. La salle d\u2019exposition de l\u2019association le Moulin transporte les visiteurs dans le nord du pays. Sur les murs se c\u00f4toient les paysages de la c\u00f4te d\u2019Opale, les plages du nord, de Malo les Bains, Wissant, Dunkerque, mais aussi des&hellip;&nbsp;<a href=\"https:\/\/www.brenne-au-coeur.com\/index.php\/2022\/08\/17\/le-nord-invite-au-moulin\/communes\/mezieres-en-brenne\/2254\/\" rel=\"bookmark\">Lire la suite&nbsp;&raquo;<span class=\"screen-reader-text\">Le Nord invit\u00e9 au Moulin<\/span><\/a><\/p>\n","protected":false},"author":1,"featured_media":2257,"comment_status":"open","ping_status":"open","sticky":false,"template":"","format":"standard","meta":{"rop_custom_images_group":[],"rop_custom_messages_group":[],"rop_publish_now":"initial","rop_publish_now_accounts":[],"rop_publish_now_history":[],"rop_publish_now_status":"pending","_monsterinsights_skip_tracking":false,"_monsterinsights_sitenote_active":false,"_monsterinsights_sitenote_note":"","_monsterinsights_sitenote_category":0,"neve_meta_sidebar":"","neve_meta_container":"","neve_meta_enable_content_width":"off","neve_meta_content_width":70,"neve_meta_title_alignment":"","neve_meta_author_avatar":"","neve_post_elements_order":"","neve_meta_disable_header":"","neve_meta_disable_footer":"","neve_meta_disable_title":"","_jetpack_memberships_contains_paid_content":false,"footnotes":"","jetpack_publicize_message":"","jetpack_publicize_feature_enabled":true,"jetpack_social_post_already_shared":false,"jetpack_social_options":{"image_generator_settings":{"template":"highway","default_image_id":0,"font":"","enabled":false},"version":2}},"categories":[21,12],"tags":[31,46],"class_list":["post-2254","post","type-post","status-publish","format-standard","has-post-thumbnail","hentry","category-evenements","category-mezieres-en-brenne","tag-associations","tag-peinture"],"aioseo_notices":[],"jetpack_publicize_connections":[],"jetpack_featured_media_url":"https:\/\/www.brenne-au-coeur.com\/wp-content\/uploads\/2022\/08\/mebas-2022-2.resized-rotated.jpg","jetpack-related-posts":[],"jetpack_sharing_enabled":true,"_links":{"self":[{"href":"https:\/\/www.brenne-au-coeur.com\/index.php\/wp-json\/wp\/v2\/posts\/2254","targetHints":{"allow":["GET"]}}],"collection":[{"href":"https:\/\/www.brenne-au-coeur.com\/index.php\/wp-json\/wp\/v2\/posts"}],"about":[{"href":"https:\/\/www.brenne-au-coeur.com\/index.php\/wp-json\/wp\/v2\/types\/post"}],"author":[{"embeddable":true,"href":"https:\/\/www.brenne-au-coeur.com\/index.php\/wp-json\/wp\/v2\/users\/1"}],"replies":[{"embeddable":true,"href":"https:\/\/www.brenne-au-coeur.com\/index.php\/wp-json\/wp\/v2\/comments?post=2254"}],"version-history":[{"count":9,"href":"https:\/\/www.brenne-au-coeur.com\/index.php\/wp-json\/wp\/v2\/posts\/2254\/revisions"}],"predecessor-version":[{"id":2278,"href":"https:\/\/www.brenne-au-coeur.com\/index.php\/wp-json\/wp\/v2\/posts\/2254\/revisions\/2278"}],"wp:featuredmedia":[{"embeddable":true,"href":"https:\/\/www.brenne-au-coeur.com\/index.php\/wp-json\/wp\/v2\/media\/2257"}],"wp:attachment":[{"href":"https:\/\/www.brenne-au-coeur.com\/index.php\/wp-json\/wp\/v2\/media?parent=2254"}],"wp:term":[{"taxonomy":"category","embeddable":true,"href":"https:\/\/www.brenne-au-coeur.com\/index.php\/wp-json\/wp\/v2\/categories?post=2254"},{"taxonomy":"post_tag","embeddable":true,"href":"https:\/\/www.brenne-au-coeur.com\/index.php\/wp-json\/wp\/v2\/tags?post=2254"}],"curies":[{"name":"wp","href":"https:\/\/api.w.org\/{rel}","templated":true}]}}