{"id":2242,"date":"2022-08-07T12:09:33","date_gmt":"2022-08-07T10:09:33","guid":{"rendered":"https:\/\/www.brenne-au-coeur.com\/?p=2242"},"modified":"2022-08-07T15:38:01","modified_gmt":"2022-08-07T13:38:01","slug":"bal-trad-a-mezieres","status":"publish","type":"post","link":"https:\/\/www.brenne-au-coeur.com\/index.php\/2022\/08\/07\/bal-trad-a-mezieres\/communes\/mezieres-en-brenne\/2242\/","title":{"rendered":"Bal Trad \u00e0 M\u00e9zi\u00e8res"},"content":{"rendered":"<p><span style=\"font-size: large;\">Le traditionnel Bal Trad de M\u00e9zi\u00e8res aura lieu vendredi 12 ao\u00fbt \u00e0 partir de 20h, place Jean Moulin. L<\/span><span style=\"font-size: large;\">e groupe D\u00e9cibal animera la soir\u00e9e, commenc\u00e9e \u00e0 18h30 par l<\/span><span style=\"font-size: large;\">a tenue<\/span> <span style=\"font-size: large;\">d\u2019un march\u00e9 gourmand.<\/span><\/p>\n<p><span style=\"font-family: Liberation Serif, serif;\"><span style=\"font-size: large;\"><span style=\"color: #000000;\"><a href=\"https:\/\/decibal.wixsite.com\/officiel\/actu\">D\u00e9cibal<\/a>, est un <\/span><span style=\"color: #000000;\"><b>groupe berrichon de <a href=\"https:\/\/www.brenne-au-coeur.com\/?s=musique\">musique<\/a> traditionnelle<\/b><\/span><span style=\"color: #000000;\">. Vielle \u00e0 roue, saxophone soprano, fl\u00fbte traversi\u00e8re, bouzouky <\/span><span style=\"color: #000000;\">(luth \u00e0 long manche)<\/span><span style=\"color: #000000;\">, basse, percussions et chant. La musique fa\u00e7onn\u00e9e par D\u00e9cibal t\u00e9moigne d\u2019un enracinement profond au patrimoine berrichon, que ces quatre musiciens c\u00f4toient depuis toujours. D\u00e9cibal \u00e9volue pour se placer au c\u0153ur du renouveau des musiques traditionnelles en Berry. <\/span><span style=\"color: #000000;\">Il <\/span><span style=\"color: #000000;\">compose et interpr\u00e8te des airs \u00e0 danser, le tout dans une couleur chaude et puissante.<\/span><\/span><\/span><\/p>\n<p><span style=\"font-family: Liberation Serif, serif;\"><span style=\"font-size: large;\"><span style=\"color: #000000;\">Le groupe cultive d\u2019ann\u00e9es en ann\u00e9es, l\u2019envie profonde de donner un vent de libert\u00e9 \u00e0 l\u2019h\u00e9ritage des traditions berrichonnes. Cette source d\u2019inspiration se transforme en un heureux m\u00e9lange de compositions et de collectages, arrang\u00e9s et port\u00e9s au service de la danse. Avec \u00e9nergie, ils m\u00e8nent le bal o\u00f9 danseurs et musiciens se rapprochent, pour ne former qu\u2019un seul et unique espace de jeu. Il ne vous reste plus qu\u2019\u00e0 vous laisser apprivoiser par cette musique trad\u2019 d\u2019aujourd\u2019hui, cisel\u00e9e par la rencontre g\u00e9n\u00e9reuse de ces quatre musiciens\/danseurs.<\/span><\/span><\/span><\/p>\n<div class=\"nv-iframe-embed\"><div class=\"lyte-wrapper fourthree\" title=\"La Fileuse par D&eacute;cibal\" style=\"width:420px;max-width:100%;margin:5px auto;\"><div class=\"lyMe hidef\" id=\"WYL_-fRf_N6-_ZQ\" itemprop=\"video\" itemscope itemtype=\"https:\/\/schema.org\/VideoObject\"><div><meta itemprop=\"thumbnailUrl\" content=\"https:\/\/www.brenne-au-coeur.com\/wp-content\/plugins\/wp-youtube-lyte\/lyteCache.php?origThumbUrl=https%3A%2F%2Fi.ytimg.com%2Fvi%2F-fRf_N6-_ZQ%2Fmaxresdefault.jpg\" \/><meta itemprop=\"embedURL\" content=\"https:\/\/www.youtube.com\/embed\/-fRf_N6-_ZQ\" \/><meta itemprop=\"duration\" content=\"PT4M28S\" \/><meta itemprop=\"uploadDate\" content=\"2017-06-26T07:20:51Z\" \/><\/div><div id=\"lyte_-fRf_N6-_ZQ\" data-src=\"https:\/\/www.brenne-au-coeur.com\/wp-content\/plugins\/wp-youtube-lyte\/lyteCache.php?origThumbUrl=https%3A%2F%2Fi.ytimg.com%2Fvi%2F-fRf_N6-_ZQ%2Fmaxresdefault.jpg\" class=\"pL\"><div class=\"tC\"><div class=\"tT\" itemprop=\"name\">La Fileuse par D\u00e9cibal<\/div><\/div><div class=\"play\"><\/div><div class=\"ctrl\"><div class=\"Lctrl\"><\/div><div class=\"Rctrl\"><\/div><\/div><\/div><noscript><a href=\"https:\/\/youtu.be\/-fRf_N6-_ZQ\" rel=\"nofollow\"><img loading=\"lazy\" decoding=\"async\" src=\"https:\/\/www.brenne-au-coeur.com\/wp-content\/plugins\/wp-youtube-lyte\/lyteCache.php?origThumbUrl=https%3A%2F%2Fi.ytimg.com%2Fvi%2F-fRf_N6-_ZQ%2F0.jpg\" alt=\"La Fileuse par D&eacute;cibal\" width=\"420\" height=\"295\" \/><br \/>Lire cette vid\u00e9o sur YouTube<\/a><\/noscript><meta itemprop=\"description\" content=\"Collectage du Berry aupr\u00e8s de Mr Berthon par Mrs Barbillat et Touraine. Clip r\u00e9alis\u00e9 par Accord\u00e9oniste Flou, prise de son et mixage par La Claranbox et mastering par masterlab http:\/\/www.decibal.fr\"><\/div><\/div><div class=\"lL\" style=\"max-width:100%;width:420px;margin:5px auto;\"><\/div><\/div>\n<p><span style=\"font-size: large;\"><strong><span style=\"color: #000000;\"><span style=\"font-family: Liberation Serif, serif;\">Cyril Berthet&nbsp;: <\/span><\/span><\/strong><span style=\"color: #000000;\"><span style=\"font-family: Liberation Serif, serif;\">saxophone soprano, fl\u00fbte traversi\u00e8re, chant&nbsp;; <\/span><\/span><\/span><strong><span style=\"font-family: Liberation Serif, serif;\"><span style=\"font-size: large;\">C\u00e9dric Loosli&nbsp;: <\/span><\/span><\/strong><span style=\"font-family: Liberation Serif, serif;\"><span style=\"font-size: large;\">bouzouki, chant&nbsp;; <\/span><\/span><strong><span style=\"font-family: Liberation Serif, serif;\"><span style=\"font-size: large;\">David Roblin&nbsp;:<\/span><\/span><\/strong><span style=\"font-family: Liberation Serif, serif;\"><span style=\"font-size: large;\"> basse \u00e9lectrique, percussions, chant&nbsp;;\u00a0 <\/span><\/span><strong><span style=\"font-family: Liberation Serif, serif;\"><span style=\"font-size: large;\">Beno\u00eet Roblin&nbsp;:<\/span><\/span><\/strong><span style=\"font-family: Liberation Serif, serif;\"><span style=\"font-size: large;\"> vielle \u00e0 roue, chant <\/span><\/span><\/p>\n","protected":false},"excerpt":{"rendered":"<p>Le traditionnel Bal Trad de M\u00e9zi\u00e8res aura lieu vendredi 12 ao\u00fbt \u00e0 partir de 20h, place Jean Moulin. Le groupe D\u00e9cibal animera la soir\u00e9e, commenc\u00e9e \u00e0 18h30 par la tenue d\u2019un march\u00e9 gourmand. D\u00e9cibal, est un groupe berrichon de musique traditionnelle. Vielle \u00e0 roue, saxophone soprano, fl\u00fbte traversi\u00e8re, bouzouky (luth \u00e0 long manche), basse, percussions&hellip;&nbsp;<a href=\"https:\/\/www.brenne-au-coeur.com\/index.php\/2022\/08\/07\/bal-trad-a-mezieres\/communes\/mezieres-en-brenne\/2242\/\" rel=\"bookmark\">Lire la suite&nbsp;&raquo;<span class=\"screen-reader-text\">Bal Trad \u00e0 M\u00e9zi\u00e8res<\/span><\/a><\/p>\n","protected":false},"author":1,"featured_media":2243,"comment_status":"open","ping_status":"open","sticky":false,"template":"","format":"standard","meta":{"rop_custom_images_group":[],"rop_custom_messages_group":[],"rop_publish_now":"initial","rop_publish_now_accounts":[],"rop_publish_now_history":[],"rop_publish_now_status":"pending","_monsterinsights_skip_tracking":false,"_monsterinsights_sitenote_active":false,"_monsterinsights_sitenote_note":"","_monsterinsights_sitenote_category":0,"neve_meta_sidebar":"","neve_meta_container":"","neve_meta_enable_content_width":"off","neve_meta_content_width":70,"neve_meta_title_alignment":"","neve_meta_author_avatar":"","neve_post_elements_order":"","neve_meta_disable_header":"","neve_meta_disable_footer":"","neve_meta_disable_title":"","_jetpack_memberships_contains_paid_content":false,"footnotes":"","jetpack_publicize_message":"","jetpack_publicize_feature_enabled":true,"jetpack_social_post_already_shared":false,"jetpack_social_options":{"image_generator_settings":{"template":"highway","default_image_id":0,"font":"","enabled":false},"version":2}},"categories":[21,12],"tags":[64,103,40,73],"class_list":["post-2242","post","type-post","status-publish","format-standard","has-post-thumbnail","hentry","category-evenements","category-mezieres-en-brenne","tag-concert","tag-gastronomie","tag-musique","tag-tradition"],"aioseo_notices":[],"jetpack_publicize_connections":[],"jetpack_featured_media_url":"https:\/\/www.brenne-au-coeur.com\/wp-content\/uploads\/2022\/08\/Bal-Trad-20221.resized.jpg","jetpack-related-posts":[],"jetpack_sharing_enabled":true,"_links":{"self":[{"href":"https:\/\/www.brenne-au-coeur.com\/index.php\/wp-json\/wp\/v2\/posts\/2242","targetHints":{"allow":["GET"]}}],"collection":[{"href":"https:\/\/www.brenne-au-coeur.com\/index.php\/wp-json\/wp\/v2\/posts"}],"about":[{"href":"https:\/\/www.brenne-au-coeur.com\/index.php\/wp-json\/wp\/v2\/types\/post"}],"author":[{"embeddable":true,"href":"https:\/\/www.brenne-au-coeur.com\/index.php\/wp-json\/wp\/v2\/users\/1"}],"replies":[{"embeddable":true,"href":"https:\/\/www.brenne-au-coeur.com\/index.php\/wp-json\/wp\/v2\/comments?post=2242"}],"version-history":[{"count":3,"href":"https:\/\/www.brenne-au-coeur.com\/index.php\/wp-json\/wp\/v2\/posts\/2242\/revisions"}],"predecessor-version":[{"id":2246,"href":"https:\/\/www.brenne-au-coeur.com\/index.php\/wp-json\/wp\/v2\/posts\/2242\/revisions\/2246"}],"wp:featuredmedia":[{"embeddable":true,"href":"https:\/\/www.brenne-au-coeur.com\/index.php\/wp-json\/wp\/v2\/media\/2243"}],"wp:attachment":[{"href":"https:\/\/www.brenne-au-coeur.com\/index.php\/wp-json\/wp\/v2\/media?parent=2242"}],"wp:term":[{"taxonomy":"category","embeddable":true,"href":"https:\/\/www.brenne-au-coeur.com\/index.php\/wp-json\/wp\/v2\/categories?post=2242"},{"taxonomy":"post_tag","embeddable":true,"href":"https:\/\/www.brenne-au-coeur.com\/index.php\/wp-json\/wp\/v2\/tags?post=2242"}],"curies":[{"name":"wp","href":"https:\/\/api.w.org\/{rel}","templated":true}]}}