{"id":2236,"date":"2022-08-06T15:05:55","date_gmt":"2022-08-06T13:05:55","guid":{"rendered":"https:\/\/www.brenne-au-coeur.com\/?p=2236"},"modified":"2022-08-07T15:42:09","modified_gmt":"2022-08-07T13:42:09","slug":"jazz-a-la-haute-touche","status":"publish","type":"post","link":"https:\/\/www.brenne-au-coeur.com\/index.php\/2022\/08\/06\/jazz-a-la-haute-touche\/communes\/obterre\/2236\/","title":{"rendered":"Jazz \u00e0 la Haute-Touche"},"content":{"rendered":"<p><span style=\"font-family: Tahoma;\"><span style=\"font-size: medium;\">L\u2019association des amis de la <a href=\"https:\/\/www.brenne-au-coeur.com\/?s=Haute-Touche\">Haute-Touche<\/a> organise son traditionnel concert de jazz, dimanche 14 ao\u00fbt \u00e0 20h30, au coeur de la <a href=\"https:\/\/www.zoodelahautetouche.fr\/fr\">r\u00e9serve zoologique<\/a>. (attention l\u2019acc\u00e8s s\u2019effectue par la D14 entre Azay-le-Ferron et Obterre)<\/span><\/span><\/p>\n<p><span style=\"font-family: Tahoma;\"><span style=\"font-size: medium;\">Cette ann\u00e9e encore, le programme promet d\u2019offrir au public, de belles \u00e9motions. Les deux groupes qui vont se succ\u00e9der sur sc\u00e8ne, chacun dans leur style, interpr\u00e9teront ces musiques qui donnent imm\u00e9diatement envie de frapper dans ses mains et battre du pied.<\/span><\/span><\/p>\n<p><span style=\"font-family: Tahoma;\"><span style=\"font-size: medium;\"><a href=\"https:\/\/www.facebook.com\/Jafon-Zebulon-101949548379534\/\">Jafon et Z\u00e9bulon<\/a> livre un cocktail de Boogie-Woogie,de Blues et de Rock\u2019n\u2019roll qui a d\u00e9j\u00e0 enflamm\u00e9 quelques soir\u00e9es dans la r\u00e9gion. Au Gambetta au Blanc ou au <a href=\"https:\/\/www.facebook.com\/sanschichi\/\">Sans chichi<\/a> \u00e0 Ch\u00e2teauroux, notamment. La reprise, dans la vid\u00e9o ci-dessous d\u2019un titre de Bill Deraime \u00ab\u00a0Mean old blues\u00a0\u00bb t\u00e9moigne de l\u2019\u00e9nergie d\u2019une musique qui d\u00e9m\u00e9nage.<\/span><\/span><\/p>\n<p><span style=\"font-family: Tahoma;\"><span style=\"font-size: medium;\">Jafon et Z\u00e9bulon est un duo compos\u00e9 de Denis David, guitare et voix, et de Philippe Nicolas au clavier.<\/span><\/span><\/p>\n<div class=\"nv-iframe-embed\"><div class=\"lyte-wrapper fourthree\" title=\"Jafon &amp;amp; Zebulon - Mean old blues\" style=\"width:420px;max-width:100%;margin:5px auto;\"><div class=\"lyMe hidef\" id=\"WYL_kBKSVw04vY0\" itemprop=\"video\" itemscope itemtype=\"https:\/\/schema.org\/VideoObject\"><div><meta itemprop=\"thumbnailUrl\" content=\"https:\/\/www.brenne-au-coeur.com\/wp-content\/plugins\/wp-youtube-lyte\/lyteCache.php?origThumbUrl=https%3A%2F%2Fi.ytimg.com%2Fvi%2FkBKSVw04vY0%2Fhqdefault.jpg\" \/><meta itemprop=\"embedURL\" content=\"https:\/\/www.youtube.com\/embed\/kBKSVw04vY0\" \/><meta itemprop=\"duration\" content=\"PT4M22S\" \/><meta itemprop=\"uploadDate\" content=\"2020-10-20T11:49:23Z\" \/><\/div><div id=\"lyte_kBKSVw04vY0\" data-src=\"https:\/\/www.brenne-au-coeur.com\/wp-content\/plugins\/wp-youtube-lyte\/lyteCache.php?origThumbUrl=https%3A%2F%2Fi.ytimg.com%2Fvi%2FkBKSVw04vY0%2Fhqdefault.jpg\" class=\"pL\"><div class=\"tC\"><div class=\"tT\" itemprop=\"name\">Jafon &amp; Zebulon - Mean old blues<\/div><\/div><div class=\"play\"><\/div><div class=\"ctrl\"><div class=\"Lctrl\"><\/div><div class=\"Rctrl\"><\/div><\/div><\/div><noscript><a href=\"https:\/\/youtu.be\/kBKSVw04vY0\" rel=\"nofollow\"><img loading=\"lazy\" decoding=\"async\" src=\"https:\/\/www.brenne-au-coeur.com\/wp-content\/plugins\/wp-youtube-lyte\/lyteCache.php?origThumbUrl=https%3A%2F%2Fi.ytimg.com%2Fvi%2FkBKSVw04vY0%2F0.jpg\" alt=\"Jafon &amp;amp; Zebulon - Mean old blues\" width=\"420\" height=\"295\" \/><br \/>Lire cette vid\u00e9o sur YouTube<\/a><\/noscript><meta itemprop=\"description\" content=\"Jafon &amp; Zebulon, Mean Old Blues, de Bill Deraime.\"><\/div><\/div><div class=\"lL\" style=\"max-width:100%;width:420px;margin:5px auto;\"><\/div><\/div>\n<p><span style=\"font-family: Tahoma;\"><span style=\"font-size: medium;\"><a href=\"https:\/\/www.facebook.com\/caimanswing\/\">Ca\u00efman Swing<\/a> est un jazz band, dans la pure tradition des formations \u201chot\u201d des ann\u00e9es 1920-1930. il distille sans retenue le swing dynamique du jazz originel. <\/span><\/span><\/p>\n<p><span style=\"font-family: Tahoma;\"><span style=\"font-size: medium;\">Des grands standards rendant hommage \u00e0 d\u2019illustres musiciens tels King Oliver, Louis Armstrong, Jimmy Noone, ou \u00e0 de c\u00e9l\u00e8bres brass bands tels l\u2019<i>Hurricane<\/i>, l\u2019<i>Olympia<\/i>, ou encore l\u2019<i>Ouragan<\/i> du trompettiste Leroy Jones. A chaque prestation de <i>Ca\u00efman Swing<\/i>, le public est \u00e0 coup s\u00fbr entra\u00een\u00e9 dans une sorte de tourbillon qui n\u2019est pas sans rappeler l\u2019ambiance endiabl\u00e9e des clubs ou des parades de la Nouvelle Orl\u00e9ans o\u00f9 musiciens, danseurs et spectateurs ne font qu\u2019un, pour le plus grand plaisir de tous. <\/span><\/span><\/p>\n<p><span style=\"font-family: Tahoma;\">Revendiquant <\/span><span style=\"font-family: Tahoma;\">cet h\u00e9ritage musical bas\u00e9 essentiellement sur l\u2019improvisation collective, les musiciens du <\/span><span style=\"font-family: Tahoma;\"><i>Ca\u00efman Swing<\/i><\/span><span style=\"font-family: Tahoma;\"> ont su cependant se nourrir de tout ce qui s\u2019est fait depuis. Le r\u00e9sultat\u00a0: une musique intemporelle, festive et touchante. <\/span><\/p>\n<div class=\"nv-iframe-embed\"><div class=\"lyte-wrapper fourthree\" style=\"width:420px;max-width:100%;margin:5px auto;\"><div class=\"lyMe hidef\" id=\"WYL_ew3_NSeN2XQ\"><div id=\"lyte_ew3_NSeN2XQ\" data-src=\"https:\/\/www.brenne-au-coeur.com\/wp-content\/plugins\/wp-youtube-lyte\/lyteCache.php?origThumbUrl=%2F%2Fi.ytimg.com%2Fvi%2Few3_NSeN2XQ%2Fhqdefault.jpg\" class=\"pL\"><div class=\"tC\"><div class=\"tT\"><\/div><\/div><div class=\"play\"><\/div><div class=\"ctrl\"><div class=\"Lctrl\"><\/div><div class=\"Rctrl\"><\/div><\/div><\/div><noscript><a href=\"https:\/\/youtu.be\/ew3_NSeN2XQ\" rel=\"nofollow\"><img loading=\"lazy\" decoding=\"async\" src=\"https:\/\/www.brenne-au-coeur.com\/wp-content\/plugins\/wp-youtube-lyte\/lyteCache.php?origThumbUrl=https%3A%2F%2Fi.ytimg.com%2Fvi%2Few3_NSeN2XQ%2F0.jpg\" alt=\"YouTube video thumbnail\" width=\"420\" height=\"295\" \/><br \/>Lire cette vid\u00e9o sur YouTube<\/a><\/noscript><\/div><\/div><div class=\"lL\" style=\"max-width:100%;width:420px;margin:5px auto;\"><\/div><\/div>\n<p><span style=\"font-family: Tahoma;\"><span style=\"font-size: medium;\">Ca\u00efman Swing r\u00e9unit cinq musiciens\u00a0: <\/span>St\u00e9phane Charles, sousaphone\u00a0; Robert Lequitte, banjo\u00a0; Thierry Bourguignon, washboard\u00a0; Lionel Raffin, clarinette\u00a0; Alexis Bourguignon, trompette\u00a0; Christian Vaudecranne,sax t\u00e9nor.<\/span><\/p>\n","protected":false},"excerpt":{"rendered":"<p>L\u2019association des amis de la Haute-Touche organise son traditionnel concert de jazz, dimanche 14 ao\u00fbt \u00e0 20h30, au coeur de la r\u00e9serve zoologique. (attention l\u2019acc\u00e8s s\u2019effectue par la D14 entre Azay-le-Ferron et Obterre) Cette ann\u00e9e encore, le programme promet d\u2019offrir au public, de belles \u00e9motions. Les deux groupes qui vont se succ\u00e9der sur sc\u00e8ne, chacun&hellip;&nbsp;<a href=\"https:\/\/www.brenne-au-coeur.com\/index.php\/2022\/08\/06\/jazz-a-la-haute-touche\/communes\/obterre\/2236\/\" rel=\"bookmark\">Lire la suite&nbsp;&raquo;<span class=\"screen-reader-text\">Jazz \u00e0 la Haute-Touche<\/span><\/a><\/p>\n","protected":false},"author":1,"featured_media":2239,"comment_status":"open","ping_status":"open","sticky":false,"template":"","format":"standard","meta":{"rop_custom_images_group":[],"rop_custom_messages_group":[],"rop_publish_now":"initial","rop_publish_now_accounts":[],"rop_publish_now_history":[],"rop_publish_now_status":"pending","_monsterinsights_skip_tracking":false,"_monsterinsights_sitenote_active":false,"_monsterinsights_sitenote_note":"","_monsterinsights_sitenote_category":0,"neve_meta_sidebar":"","neve_meta_container":"","neve_meta_enable_content_width":"off","neve_meta_content_width":70,"neve_meta_title_alignment":"","neve_meta_author_avatar":"","neve_post_elements_order":"","neve_meta_disable_header":"","neve_meta_disable_footer":"","neve_meta_disable_title":"","_jetpack_memberships_contains_paid_content":false,"footnotes":"","jetpack_publicize_message":"","jetpack_publicize_feature_enabled":true,"jetpack_social_post_already_shared":false,"jetpack_social_options":{"image_generator_settings":{"template":"highway","default_image_id":0,"font":"","enabled":false},"version":2}},"categories":[21,66,14],"tags":[64,40],"class_list":["post-2236","post","type-post","status-publish","format-standard","has-post-thumbnail","hentry","category-evenements","category-haute-touche","category-obterre","tag-concert","tag-musique"],"aioseo_notices":[],"jetpack_publicize_connections":[],"jetpack_featured_media_url":"https:\/\/www.brenne-au-coeur.com\/wp-content\/uploads\/2022\/08\/thumbnail_AFFICHE-JAZZ-2022-version2_Plan-de-travail-1.resized.jpg","jetpack-related-posts":[],"jetpack_sharing_enabled":true,"_links":{"self":[{"href":"https:\/\/www.brenne-au-coeur.com\/index.php\/wp-json\/wp\/v2\/posts\/2236","targetHints":{"allow":["GET"]}}],"collection":[{"href":"https:\/\/www.brenne-au-coeur.com\/index.php\/wp-json\/wp\/v2\/posts"}],"about":[{"href":"https:\/\/www.brenne-au-coeur.com\/index.php\/wp-json\/wp\/v2\/types\/post"}],"author":[{"embeddable":true,"href":"https:\/\/www.brenne-au-coeur.com\/index.php\/wp-json\/wp\/v2\/users\/1"}],"replies":[{"embeddable":true,"href":"https:\/\/www.brenne-au-coeur.com\/index.php\/wp-json\/wp\/v2\/comments?post=2236"}],"version-history":[{"count":4,"href":"https:\/\/www.brenne-au-coeur.com\/index.php\/wp-json\/wp\/v2\/posts\/2236\/revisions"}],"predecessor-version":[{"id":2247,"href":"https:\/\/www.brenne-au-coeur.com\/index.php\/wp-json\/wp\/v2\/posts\/2236\/revisions\/2247"}],"wp:featuredmedia":[{"embeddable":true,"href":"https:\/\/www.brenne-au-coeur.com\/index.php\/wp-json\/wp\/v2\/media\/2239"}],"wp:attachment":[{"href":"https:\/\/www.brenne-au-coeur.com\/index.php\/wp-json\/wp\/v2\/media?parent=2236"}],"wp:term":[{"taxonomy":"category","embeddable":true,"href":"https:\/\/www.brenne-au-coeur.com\/index.php\/wp-json\/wp\/v2\/categories?post=2236"},{"taxonomy":"post_tag","embeddable":true,"href":"https:\/\/www.brenne-au-coeur.com\/index.php\/wp-json\/wp\/v2\/tags?post=2236"}],"curies":[{"name":"wp","href":"https:\/\/api.w.org\/{rel}","templated":true}]}}