{"id":2225,"date":"2022-08-03T15:53:48","date_gmt":"2022-08-03T13:53:48","guid":{"rendered":"https:\/\/www.brenne-au-coeur.com\/?p=2225"},"modified":"2022-08-06T14:35:34","modified_gmt":"2022-08-06T12:35:34","slug":"bout-dficelles-prend-des-couleurs","status":"publish","type":"post","link":"https:\/\/www.brenne-au-coeur.com\/index.php\/2022\/08\/03\/bout-dficelles-prend-des-couleurs\/communes\/paulnay\/2225\/","title":{"rendered":"Bout d\u2019ficelle prend des couleurs"},"content":{"rendered":"<figure id=\"attachment_2226\" aria-describedby=\"caption-attachment-2226\" style=\"width: 300px\" class=\"wp-caption alignleft\"><a href=\"https:\/\/www.brenne-au-coeur.com\/wp-content\/uploads\/2022\/08\/fresque.resized.jpg\" rel=\"lightbox[2225]\"><img loading=\"lazy\" decoding=\"async\" class=\"wp-image-2226 size-medium\" src=\"https:\/\/www.brenne-au-coeur.com\/wp-content\/uploads\/2022\/08\/fresque.resized-300x200.jpg\" alt=\"\" width=\"300\" height=\"200\" srcset=\"https:\/\/www.brenne-au-coeur.com\/wp-content\/uploads\/2022\/08\/fresque.resized-300x200.jpg 300w, https:\/\/www.brenne-au-coeur.com\/wp-content\/uploads\/2022\/08\/fresque.resized-272x182.jpg 272w, https:\/\/www.brenne-au-coeur.com\/wp-content\/uploads\/2022\/08\/fresque.resized.jpg 400w\" sizes=\"auto, (max-width: 300px) 100vw, 300px\" \/><\/a><figcaption id=\"caption-attachment-2226\" class=\"wp-caption-text\">Nouvelle entr\u00e9e du multi-accueil de Paulnay<\/figcaption><\/figure>\n<figure id=\"attachment_2227\" aria-describedby=\"caption-attachment-2227\" style=\"width: 300px\" class=\"wp-caption alignright\"><a href=\"https:\/\/www.brenne-au-coeur.com\/wp-content\/uploads\/2022\/08\/multi-accueil-2.resized.jpg\" rel=\"lightbox[2225]\"><img loading=\"lazy\" decoding=\"async\" class=\"wp-image-2227 size-medium\" src=\"https:\/\/www.brenne-au-coeur.com\/wp-content\/uploads\/2022\/08\/multi-accueil-2.resized-300x225.jpg\" alt=\"\" width=\"300\" height=\"225\" srcset=\"https:\/\/www.brenne-au-coeur.com\/wp-content\/uploads\/2022\/08\/multi-accueil-2.resized-300x225.jpg 300w, https:\/\/www.brenne-au-coeur.com\/wp-content\/uploads\/2022\/08\/multi-accueil-2.resized.jpg 400w\" sizes=\"auto, (max-width: 300px) 100vw, 300px\" \/><\/a><figcaption id=\"caption-attachment-2227\" class=\"wp-caption-text\">Jean-Louis Camus, pr\u00e9sident de la CDC, Ga\u00ebtan Deffontaines et Jean-Louis Marcq responsable de la petite enfance \u00e0 la CDC, entour\u00e9s par les ados de l&rsquo;accueil loisirs, lors de l&rsquo;inauguration.<\/figcaption><\/figure>\n<p><span style=\"font-size: large;\">L\u2019entr\u00e9e du multi-accueil Bout d\u2019ficelle de Paulnay a pris des couleurs. La petite all\u00e9e qui conduit \u00e0 la cr\u00e8che a \u00e9t\u00e9 relook\u00e9e, gr\u00e2ce aux ados de l\u2019accueil Loisirs de la Communaut\u00e9 de Commune <a href=\"https:\/\/www.coeurdebrenne.fr\/mon-coeur-de-brenne\/petite-enfance\/\">Coeur de Brenne<\/a>. Un beau travail qui m\u00e9ritait bien l\u2019inauguration organis\u00e9e fin juillet. Ce fut l\u2019occasion pour les jeunes artistes, de pr\u00e9senter leur ouvrage. La fresque tout d\u2019abord. Elle repr\u00e9sente un bois qui offre d\u2019un seul coup, une tr\u00e8s belle perspective aux personnes empruntant le passage. Pour reproduire les arbres et la v\u00e9g\u00e9tation qui tapisse un sous-bois, les ados ont b\u00e9n\u00e9fici\u00e9 des conseils et de l\u2019aide de l\u2019artiste peintre et graffeur, <a href=\"https:\/\/www.facebook.com\/Ghe2toBlaster\">Ga\u00ebtan Deffontaines<\/a>. <i>\u00ab\u00a0J\u2019<\/i><i>ai r\u00e9alis\u00e9 les bases de la fresque. U<\/i><i>ne petite formation sur le maniement des bombes de peinture, <\/i><i>leur a permis ensuite d\u2019intervenir directement sur le mur\u00a0\u00bb<\/i> explique-t-il. Une cr\u00e9ation qui avait commenc\u00e9 en amont. <i>\u00ab\u00a0C\u2019est collectivement que le th\u00e8me <\/i><i>de l<\/i><i>a <\/i><i>nature a<\/i><i> \u00e9t\u00e9 d\u00e9cid\u00e9, <\/i><i>pour d\u00e9corer l\u2019entr\u00e9e<\/i><i>\u00a0\u00bb<\/i>, pr\u00e9cise Pierre Trouv\u00e9, le responsable de l\u2019accueil Loisirs. L\u2019effet final vaut le coup d\u2019oeil, d\u2019autant que la fresque est accompagn\u00e9e de l\u2019am\u00e9nagement du passage, par l\u2019installation de panneaux, de bacs, la fabrication de muret de briques. Le choix concert\u00e9, d\u2019un paysage plaqu\u00e9 sur un autre pan de mur, compl\u00e8te le nouvel agencement. <i>\u00ab&nbsp;J\u2019ai du mal \u00e0 r\u00e9aliser qu\u2019on a fait tout \u00e7a en quatre jours&nbsp;\u00bb<\/i>, s\u2019\u00e9tonne Rayane. En compagnie d\u2019Abiga\u00eblle, d\u2019Afnane, d\u2019\u00c9lise, d\u2019Ilyana, d\u2019Anthyme de Maxence de Louise et de Lola, il apporte une nouvelle fois la d\u00e9monstration, que les animations propos\u00e9es par l\u2019accueil jeunes lib\u00e8rent les capacit\u00e9s cr\u00e9atrices des ados. <\/span><\/p>\n","protected":false},"excerpt":{"rendered":"<p>L\u2019entr\u00e9e du multi-accueil Bout d\u2019ficelle de Paulnay a pris des couleurs. La petite all\u00e9e qui conduit \u00e0 la cr\u00e8che a \u00e9t\u00e9 relook\u00e9e, gr\u00e2ce aux ados de l\u2019accueil Loisirs de la Communaut\u00e9 de Commune Coeur de Brenne. Un beau travail qui m\u00e9ritait bien l\u2019inauguration organis\u00e9e fin juillet. Ce fut l\u2019occasion pour les jeunes artistes, de pr\u00e9senter&hellip;&nbsp;<a href=\"https:\/\/www.brenne-au-coeur.com\/index.php\/2022\/08\/03\/bout-dficelles-prend-des-couleurs\/communes\/paulnay\/2225\/\" rel=\"bookmark\">Lire la suite&nbsp;&raquo;<span class=\"screen-reader-text\">Bout d\u2019ficelle prend des couleurs<\/span><\/a><\/p>\n","protected":false},"author":1,"featured_media":2228,"comment_status":"open","ping_status":"open","sticky":false,"template":"","format":"standard","meta":{"rop_custom_images_group":[],"rop_custom_messages_group":[],"rop_publish_now":"initial","rop_publish_now_accounts":[],"rop_publish_now_history":[],"rop_publish_now_status":"pending","_monsterinsights_skip_tracking":false,"_monsterinsights_sitenote_active":false,"_monsterinsights_sitenote_note":"","_monsterinsights_sitenote_category":0,"neve_meta_sidebar":"","neve_meta_container":"","neve_meta_enable_content_width":"off","neve_meta_content_width":70,"neve_meta_title_alignment":"","neve_meta_author_avatar":"","neve_post_elements_order":"","neve_meta_disable_header":"","neve_meta_disable_footer":"","neve_meta_disable_title":"","_jetpack_memberships_contains_paid_content":false,"footnotes":"","jetpack_publicize_message":"","jetpack_publicize_feature_enabled":true,"jetpack_social_post_already_shared":false,"jetpack_social_options":{"image_generator_settings":{"template":"highway","default_image_id":0,"font":"","enabled":false},"version":2}},"categories":[85,15],"tags":[71],"class_list":["post-2225","post","type-post","status-publish","format-standard","has-post-thumbnail","hentry","category-communaute-de-communes","category-paulnay","tag-animation"],"aioseo_notices":[],"jetpack_publicize_connections":[],"jetpack_featured_media_url":"https:\/\/www.brenne-au-coeur.com\/wp-content\/uploads\/2022\/08\/multi-accueil.resized.jpg","jetpack-related-posts":[],"jetpack_sharing_enabled":true,"_links":{"self":[{"href":"https:\/\/www.brenne-au-coeur.com\/index.php\/wp-json\/wp\/v2\/posts\/2225","targetHints":{"allow":["GET"]}}],"collection":[{"href":"https:\/\/www.brenne-au-coeur.com\/index.php\/wp-json\/wp\/v2\/posts"}],"about":[{"href":"https:\/\/www.brenne-au-coeur.com\/index.php\/wp-json\/wp\/v2\/types\/post"}],"author":[{"embeddable":true,"href":"https:\/\/www.brenne-au-coeur.com\/index.php\/wp-json\/wp\/v2\/users\/1"}],"replies":[{"embeddable":true,"href":"https:\/\/www.brenne-au-coeur.com\/index.php\/wp-json\/wp\/v2\/comments?post=2225"}],"version-history":[{"count":5,"href":"https:\/\/www.brenne-au-coeur.com\/index.php\/wp-json\/wp\/v2\/posts\/2225\/revisions"}],"predecessor-version":[{"id":2234,"href":"https:\/\/www.brenne-au-coeur.com\/index.php\/wp-json\/wp\/v2\/posts\/2225\/revisions\/2234"}],"wp:featuredmedia":[{"embeddable":true,"href":"https:\/\/www.brenne-au-coeur.com\/index.php\/wp-json\/wp\/v2\/media\/2228"}],"wp:attachment":[{"href":"https:\/\/www.brenne-au-coeur.com\/index.php\/wp-json\/wp\/v2\/media?parent=2225"}],"wp:term":[{"taxonomy":"category","embeddable":true,"href":"https:\/\/www.brenne-au-coeur.com\/index.php\/wp-json\/wp\/v2\/categories?post=2225"},{"taxonomy":"post_tag","embeddable":true,"href":"https:\/\/www.brenne-au-coeur.com\/index.php\/wp-json\/wp\/v2\/tags?post=2225"}],"curies":[{"name":"wp","href":"https:\/\/api.w.org\/{rel}","templated":true}]}}