{"id":2207,"date":"2022-08-02T14:50:02","date_gmt":"2022-08-02T12:50:02","guid":{"rendered":"https:\/\/www.brenne-au-coeur.com\/?p=2207"},"modified":"2022-12-29T20:28:58","modified_gmt":"2022-12-29T19:28:58","slug":"une-vie-en-peintures","status":"publish","type":"post","link":"https:\/\/www.brenne-au-coeur.com\/index.php\/2022\/08\/02\/une-vie-en-peintures\/communes\/azay-le-ferron-communes\/2207\/","title":{"rendered":"Une vie en peintures"},"content":{"rendered":"<figure id=\"attachment_2209\" aria-describedby=\"caption-attachment-2209\" style=\"width: 200px\" class=\"wp-caption alignright\"><a href=\"https:\/\/www.brenne-au-coeur.com\/wp-content\/uploads\/2022\/08\/alain-choine-2.resized-rotated.jpg\" rel=\"lightbox[2207]\"><img loading=\"lazy\" decoding=\"async\" class=\"wp-image-2209 size-medium\" src=\"https:\/\/www.brenne-au-coeur.com\/wp-content\/uploads\/2022\/08\/alain-choine-2.resized-200x300.jpg\" alt=\"peintures\" width=\"200\" height=\"300\" srcset=\"https:\/\/www.brenne-au-coeur.com\/wp-content\/uploads\/2022\/08\/alain-choine-2.resized-200x300.jpg 200w, https:\/\/www.brenne-au-coeur.com\/wp-content\/uploads\/2022\/08\/alain-choine-2.resized-rotated.jpg 266w\" sizes=\"auto, (max-width: 200px) 100vw, 200px\" \/><\/a><figcaption id=\"caption-attachment-2209\" class=\"wp-caption-text\">Azay, son ch\u00e2teau, son march\u00e9<\/figcaption><\/figure>\n<p><span style=\"font-size: large;\">Jusqu\u2019au 23 ao\u00fbt, la m\u00e9diath\u00e8que d\u2019<a href=\"https:\/\/www.coeurdebrenne.fr\/la-communaute-de-communes\/les-communes\/azay-le-ferron\/\">Azay-le-Ferron<\/a> pr\u00e9sente une exposition de <a href=\"https:\/\/www.brenne-au-coeur.com\/index.php\/tag\/peinture\/\">peintures<\/a> r\u00e9alis\u00e9es par Alain Choine.<\/span><\/p>\n<figure id=\"attachment_2210\" aria-describedby=\"caption-attachment-2210\" style=\"width: 300px\" class=\"wp-caption alignleft\"><a href=\"https:\/\/www.brenne-au-coeur.com\/wp-content\/uploads\/2022\/08\/alain-choine.resized.jpg\" rel=\"lightbox[2207]\"><img loading=\"lazy\" decoding=\"async\" class=\"wp-image-2210 size-medium\" src=\"https:\/\/www.brenne-au-coeur.com\/wp-content\/uploads\/2022\/08\/alain-choine.resized-300x200.jpg\" alt=\"peintures\" width=\"300\" height=\"200\" srcset=\"https:\/\/www.brenne-au-coeur.com\/wp-content\/uploads\/2022\/08\/alain-choine.resized-300x200.jpg 300w, https:\/\/www.brenne-au-coeur.com\/wp-content\/uploads\/2022\/08\/alain-choine.resized-272x182.jpg 272w, https:\/\/www.brenne-au-coeur.com\/wp-content\/uploads\/2022\/08\/alain-choine.resized.jpg 400w\" sizes=\"auto, (max-width: 300px) 100vw, 300px\" \/><\/a><figcaption id=\"caption-attachment-2210\" class=\"wp-caption-text\">Paysage pyr\u00e9n\u00e9en<\/figcaption><\/figure>\n<p><span style=\"font-size: large;\">Alain Choine peint depuis le d\u00e9but des ann\u00e9es 1960. \u00c0 l\u2019\u00e9poque, il habite \u00e0 Paris et fr\u00e9quente assid\u00fbment la place du Tertre, lieu embl\u00e9matique de <a href=\"https:\/\/www.montmartre-site.com\/\">la butte Montmartre<\/a>, o\u00f9 les artistes pr\u00e9sentent et r\u00e9alisent leurs \u0153uvres aux tr\u00e8s nombreux touristes. De quoi donner des id\u00e9es. C\u2019est l\u00e0 qu\u2019il d\u00e9couvrira le plaisir de peindre. Cette passion ne le quittera pas. \u00ab<em> La peinture c\u2019est la relaxation totale. Devant la toile on est dans sa bulle, concentr\u00e9, coup\u00e9 du monde qui vous entoure&nbsp;\u00bb<\/em> confie-t-il. Autodidacte complet, il ne cessera de reproduire les lieux o\u00f9 il a v\u00e9cu. L\u2019exposition refl\u00e8te ce parcours. Paris bien s\u00fbr, mais aussi toutes les contr\u00e9es et pays dans lesquels Alain Choine a s\u00e9journ\u00e9, en raison de son activit\u00e9 professionnelle&nbsp;: l\u2019\u00c9cosse, les pays nordiques notamment. Amoureux de la nature, une part belle est faite aux paysages&nbsp;: les montagnes, les bords de mer surtout. Et bien \u00e9videmment quelques lieux de <a href=\"https:\/\/www.parc-naturel-brenne.fr\/\">la Brenne<\/a> et de son village, comme le <a href=\"http:\/\/www.chateau-azay-le-ferron.com\/fr\/\">ch\u00e2teau d\u2019Azay<\/a>.<\/span><\/p>\n<figure id=\"attachment_2208\" aria-describedby=\"caption-attachment-2208\" style=\"width: 200px\" class=\"wp-caption alignleft\"><a href=\"https:\/\/www.brenne-au-coeur.com\/wp-content\/uploads\/2022\/08\/alain-choine-3.resized-rotated.jpg\" rel=\"lightbox[2207]\"><img loading=\"lazy\" decoding=\"async\" class=\"wp-image-2208 size-medium\" src=\"https:\/\/www.brenne-au-coeur.com\/wp-content\/uploads\/2022\/08\/alain-choine-3.resized-200x300.jpg\" alt=\"peintures\" width=\"200\" height=\"300\" srcset=\"https:\/\/www.brenne-au-coeur.com\/wp-content\/uploads\/2022\/08\/alain-choine-3.resized-200x300.jpg 200w, https:\/\/www.brenne-au-coeur.com\/wp-content\/uploads\/2022\/08\/alain-choine-3.resized-rotated.jpg 266w\" sizes=\"auto, (max-width: 200px) 100vw, 200px\" \/><\/a><figcaption id=\"caption-attachment-2208\" class=\"wp-caption-text\">La c\u00f4te d&rsquo;Alb\u00e2tre en Normandie<\/figcaption><\/figure>\n<p><span style=\"font-size: large;\">Les 85 toiles accroch\u00e9es sur les murs de la m\u00e9diath\u00e8que, donnent ainsi l\u2019occasion d\u2019une belle balade sur les traces d\u2019une vie marqu\u00e9e par de nombreux voyages. <\/span><\/p>\n","protected":false},"excerpt":{"rendered":"<p>Jusqu\u2019au 23 ao\u00fbt, la m\u00e9diath\u00e8que d\u2019Azay-le-Ferron pr\u00e9sente une exposition de peintures r\u00e9alis\u00e9es par Alain Choine. Alain Choine peint depuis le d\u00e9but des ann\u00e9es 1960. \u00c0 l\u2019\u00e9poque, il habite \u00e0 Paris et fr\u00e9quente assid\u00fbment la place du Tertre, lieu embl\u00e9matique de la butte Montmartre, o\u00f9 les artistes pr\u00e9sentent et r\u00e9alisent leurs \u0153uvres aux tr\u00e8s nombreux touristes.&hellip;&nbsp;<a href=\"https:\/\/www.brenne-au-coeur.com\/index.php\/2022\/08\/02\/une-vie-en-peintures\/communes\/azay-le-ferron-communes\/2207\/\" rel=\"bookmark\">Lire la suite&nbsp;&raquo;<span class=\"screen-reader-text\">Une vie en peintures<\/span><\/a><\/p>\n","protected":false},"author":1,"featured_media":2209,"comment_status":"open","ping_status":"open","sticky":false,"template":"","format":"standard","meta":{"rop_custom_images_group":[],"rop_custom_messages_group":[],"rop_publish_now":"initial","rop_publish_now_accounts":[],"rop_publish_now_history":[],"rop_publish_now_status":"pending","_monsterinsights_skip_tracking":false,"_monsterinsights_sitenote_active":false,"_monsterinsights_sitenote_note":"","_monsterinsights_sitenote_category":0,"neve_meta_sidebar":"","neve_meta_container":"","neve_meta_enable_content_width":"off","neve_meta_content_width":70,"neve_meta_title_alignment":"","neve_meta_author_avatar":"","neve_post_elements_order":"","neve_meta_disable_header":"","neve_meta_disable_footer":"","neve_meta_disable_title":"","_jetpack_memberships_contains_paid_content":false,"footnotes":"","jetpack_publicize_message":"","jetpack_publicize_feature_enabled":true,"jetpack_social_post_already_shared":false,"jetpack_social_options":{"image_generator_settings":{"template":"highway","default_image_id":0,"font":"","enabled":false},"version":2}},"categories":[10],"tags":[52,46],"class_list":["post-2207","post","type-post","status-publish","format-standard","has-post-thumbnail","hentry","category-azay-le-ferron-communes","tag-exposition","tag-peinture"],"aioseo_notices":[],"jetpack_publicize_connections":[],"jetpack_featured_media_url":"https:\/\/www.brenne-au-coeur.com\/wp-content\/uploads\/2022\/08\/alain-choine-2.resized-rotated.jpg","jetpack-related-posts":[],"jetpack_sharing_enabled":true,"_links":{"self":[{"href":"https:\/\/www.brenne-au-coeur.com\/index.php\/wp-json\/wp\/v2\/posts\/2207","targetHints":{"allow":["GET"]}}],"collection":[{"href":"https:\/\/www.brenne-au-coeur.com\/index.php\/wp-json\/wp\/v2\/posts"}],"about":[{"href":"https:\/\/www.brenne-au-coeur.com\/index.php\/wp-json\/wp\/v2\/types\/post"}],"author":[{"embeddable":true,"href":"https:\/\/www.brenne-au-coeur.com\/index.php\/wp-json\/wp\/v2\/users\/1"}],"replies":[{"embeddable":true,"href":"https:\/\/www.brenne-au-coeur.com\/index.php\/wp-json\/wp\/v2\/comments?post=2207"}],"version-history":[{"count":8,"href":"https:\/\/www.brenne-au-coeur.com\/index.php\/wp-json\/wp\/v2\/posts\/2207\/revisions"}],"predecessor-version":[{"id":2293,"href":"https:\/\/www.brenne-au-coeur.com\/index.php\/wp-json\/wp\/v2\/posts\/2207\/revisions\/2293"}],"wp:featuredmedia":[{"embeddable":true,"href":"https:\/\/www.brenne-au-coeur.com\/index.php\/wp-json\/wp\/v2\/media\/2209"}],"wp:attachment":[{"href":"https:\/\/www.brenne-au-coeur.com\/index.php\/wp-json\/wp\/v2\/media?parent=2207"}],"wp:term":[{"taxonomy":"category","embeddable":true,"href":"https:\/\/www.brenne-au-coeur.com\/index.php\/wp-json\/wp\/v2\/categories?post=2207"},{"taxonomy":"post_tag","embeddable":true,"href":"https:\/\/www.brenne-au-coeur.com\/index.php\/wp-json\/wp\/v2\/tags?post=2207"}],"curies":[{"name":"wp","href":"https:\/\/api.w.org\/{rel}","templated":true}]}}