{"id":2191,"date":"2022-07-31T15:06:26","date_gmt":"2022-07-31T13:06:26","guid":{"rendered":"https:\/\/www.brenne-au-coeur.com\/?p=2191"},"modified":"2022-12-29T20:30:10","modified_gmt":"2022-12-29T19:30:10","slug":"les-rendez-vous-de-la-lisette","status":"publish","type":"post","link":"https:\/\/www.brenne-au-coeur.com\/index.php\/2022\/07\/31\/les-rendez-vous-de-la-lisette\/communes\/sainte-gemme\/2191\/","title":{"rendered":"Les rendez-vous de \u00ab\u00a0La Lisette\u00a0\u00bb"},"content":{"rendered":"<p><span style=\"font-size: large;\"><a href=\"https:\/\/www.brenne-au-coeur.com\/wp-content\/uploads\/2022\/07\/Chine_05-Lisette.jpg\" rel=\"lightbox[2191]\"><img loading=\"lazy\" decoding=\"async\" class=\"alignleft wp-image-2195 size-medium\" src=\"https:\/\/www.brenne-au-coeur.com\/wp-content\/uploads\/2022\/07\/Chine_05-Lisette-211x300.jpg\" alt=\"La Lisette\" width=\"211\" height=\"300\" srcset=\"https:\/\/www.brenne-au-coeur.com\/wp-content\/uploads\/2022\/07\/Chine_05-Lisette-211x300.jpg 211w, https:\/\/www.brenne-au-coeur.com\/wp-content\/uploads\/2022\/07\/Chine_05-Lisette-722x1024.jpg 722w, https:\/\/www.brenne-au-coeur.com\/wp-content\/uploads\/2022\/07\/Chine_05-Lisette-768x1090.jpg 768w, https:\/\/www.brenne-au-coeur.com\/wp-content\/uploads\/2022\/07\/Chine_05-Lisette.jpg 874w\" sizes=\"auto, (max-width: 211px) 100vw, 211px\" \/><\/a>Le caf\u00e9 associatif \u00ab\u00a0 La <a href=\"https:\/\/fr.wikipedia.org\/wiki\/L%C3%A9zard_des_murailles#D%C3%A9nominations_diverses\">Lisette<\/a>\u00a0\u00bb \u00e0 <a href=\"https:\/\/www.brenne-au-coeur.com\/index.php\/sainte-gemme\/\">Sainte-Gemme<\/a>, organise prochainement, deux soir\u00e9es. Vendredi 5 ao\u00fbt \u00e0 18h30, une conf\u00e9rence se tiendra sur le th\u00e8me\u00a0: aspects de la Chine contemporaine. <a href=\"https:\/\/fr.wikipedia.org\/wiki\/Chine\">La Chine<\/a>, par son histoire, ses dimensions, son d\u00e9veloppement et la place pr\u00e9pond\u00e9rante qu\u2019elle tient au plan mondial, inqui\u00e8te, fascine, interroge. L\u2019id\u00e9e de la rencontre est de fournir quelques \u00e9l\u00e9ments de compr\u00e9hension sur la r\u00e9alit\u00e9 de ce grand pays. Des interm\u00e8des musicaux agr\u00e9menteront la soir\u00e9e. Fr\u00e9d\u00e9ric Boucher interpr\u00e9tera au piano des \u0153uvres de grands compositeurs&nbsp;: Bach, Chopin, Massenet, entre autres.<\/span><\/p>\n<p><span style=\"font-size: large;\">Dimanche 14 ao\u00fbt \u00e0 19h30, place au jazz <\/span><span style=\"font-size: large;\">manouche. <a href=\"http:\/\/www.amketenes.com\/\">Am Ketenes Quartet<\/a> fera passer le souffle du swing. <\/span><span style=\"font-size: large;\">Le groupe Am Ketenes, dont le nom signifie \u00ab&nbsp;tous ensemble&nbsp;\u00bb en langue tzigane, est parvenu \u00e0 un m\u00e9lange original de jazz fa\u00e7on Django Reinhardt, de chants manouches, de rythmes gitans et orientaux\u2026<br \/>\n<a href=\"https:\/\/www.brenne-au-coeur.com\/wp-content\/uploads\/2022\/07\/lalisette-2.resized.jpeg\" rel=\"lightbox[2191]\"><img loading=\"lazy\" decoding=\"async\" class=\"alignright wp-image-2193 size-full\" src=\"https:\/\/www.brenne-au-coeur.com\/wp-content\/uploads\/2022\/07\/lalisette-2.resized.jpeg\" alt=\"La Lisette\" width=\"248\" height=\"175\" \/><\/a>Cette \u00a0fusion unique, les a d\u00e9j\u00e0 men\u00e9, depuis 1999, sur les plus grandes sc\u00e8nes internationales (New York, Montr\u00e9al, Londres, Stockholm, \u00a0Turin\u2026) sans compter de tr\u00e8s nombreux concerts en France. <\/span><span style=\"font-size: large;\">Le groupe est compos\u00e9 de <\/span><span style=\"font-size: large;\">Pierre \u00ab\u00a0Kamlo\u00a0\u00bb Barr\u00e9, <\/span><span style=\"font-size: large;\">\u00e0 la<\/span> <span style=\"font-size: large;\">g<\/span><span style=\"font-size: large;\">uitare solo et\u00a0<\/span><span style=\"font-size: large;\">au<\/span><span style=\"font-size: large;\"> Chant, Jean-Baptiste Frugier <\/span><span style=\"font-size: large;\">au v<\/span><span style=\"font-size: large;\">iolon, Pablo Robin <\/span><span style=\"font-size: large;\">\u00e0 la g<\/span><span style=\"font-size: large;\">uitare, <\/span><span style=\"font-size: large;\">et <\/span><span style=\"font-size: large;\">Jean Charles Bavouzet <\/span><span style=\"font-size: large;\">\u00e0 la c<\/span><span style=\"font-size: large;\">ontrebasse.<\/span><\/p>\n<p><b><span style=\"font-size: large;\">Entr\u00e9e libre<\/span><\/b><\/p>\n","protected":false},"excerpt":{"rendered":"<p>Le caf\u00e9 associatif \u00ab\u00a0 La Lisette\u00a0\u00bb \u00e0 Sainte-Gemme, organise prochainement, deux soir\u00e9es. Vendredi 5 ao\u00fbt \u00e0 18h30, une conf\u00e9rence se tiendra sur le th\u00e8me\u00a0: aspects de la Chine contemporaine. La Chine, par son histoire, ses dimensions, son d\u00e9veloppement et la place pr\u00e9pond\u00e9rante qu\u2019elle tient au plan mondial, inqui\u00e8te, fascine, interroge. L\u2019id\u00e9e de la rencontre est&hellip;&nbsp;<a href=\"https:\/\/www.brenne-au-coeur.com\/index.php\/2022\/07\/31\/les-rendez-vous-de-la-lisette\/communes\/sainte-gemme\/2191\/\" rel=\"bookmark\">Lire la suite&nbsp;&raquo;<span class=\"screen-reader-text\">Les rendez-vous de \u00ab\u00a0La Lisette\u00a0\u00bb<\/span><\/a><\/p>\n","protected":false},"author":1,"featured_media":2195,"comment_status":"open","ping_status":"open","sticky":false,"template":"","format":"standard","meta":{"rop_custom_images_group":[],"rop_custom_messages_group":[],"rop_publish_now":"initial","rop_publish_now_accounts":[],"rop_publish_now_history":[],"rop_publish_now_status":"pending","_monsterinsights_skip_tracking":false,"_monsterinsights_sitenote_active":false,"_monsterinsights_sitenote_note":"","_monsterinsights_sitenote_category":0,"neve_meta_sidebar":"","neve_meta_container":"","neve_meta_enable_content_width":"off","neve_meta_content_width":70,"neve_meta_title_alignment":"","neve_meta_author_avatar":"","neve_post_elements_order":"","neve_meta_disable_header":"","neve_meta_disable_footer":"","neve_meta_disable_title":"","_jetpack_memberships_contains_paid_content":false,"footnotes":"","jetpack_publicize_message":"","jetpack_publicize_feature_enabled":true,"jetpack_social_post_already_shared":false,"jetpack_social_options":{"image_generator_settings":{"template":"highway","default_image_id":0,"font":"","enabled":false},"version":2}},"categories":[21,17],"tags":[31,64,84,34],"class_list":["post-2191","post","type-post","status-publish","format-standard","has-post-thumbnail","hentry","category-evenements","category-sainte-gemme","tag-associations","tag-concert","tag-conference","tag-culture"],"aioseo_notices":[],"jetpack_publicize_connections":[],"jetpack_featured_media_url":"https:\/\/www.brenne-au-coeur.com\/wp-content\/uploads\/2022\/07\/Chine_05-Lisette.jpg","jetpack-related-posts":[],"jetpack_sharing_enabled":true,"_links":{"self":[{"href":"https:\/\/www.brenne-au-coeur.com\/index.php\/wp-json\/wp\/v2\/posts\/2191","targetHints":{"allow":["GET"]}}],"collection":[{"href":"https:\/\/www.brenne-au-coeur.com\/index.php\/wp-json\/wp\/v2\/posts"}],"about":[{"href":"https:\/\/www.brenne-au-coeur.com\/index.php\/wp-json\/wp\/v2\/types\/post"}],"author":[{"embeddable":true,"href":"https:\/\/www.brenne-au-coeur.com\/index.php\/wp-json\/wp\/v2\/users\/1"}],"replies":[{"embeddable":true,"href":"https:\/\/www.brenne-au-coeur.com\/index.php\/wp-json\/wp\/v2\/comments?post=2191"}],"version-history":[{"count":8,"href":"https:\/\/www.brenne-au-coeur.com\/index.php\/wp-json\/wp\/v2\/posts\/2191\/revisions"}],"predecessor-version":[{"id":2223,"href":"https:\/\/www.brenne-au-coeur.com\/index.php\/wp-json\/wp\/v2\/posts\/2191\/revisions\/2223"}],"wp:featuredmedia":[{"embeddable":true,"href":"https:\/\/www.brenne-au-coeur.com\/index.php\/wp-json\/wp\/v2\/media\/2195"}],"wp:attachment":[{"href":"https:\/\/www.brenne-au-coeur.com\/index.php\/wp-json\/wp\/v2\/media?parent=2191"}],"wp:term":[{"taxonomy":"category","embeddable":true,"href":"https:\/\/www.brenne-au-coeur.com\/index.php\/wp-json\/wp\/v2\/categories?post=2191"},{"taxonomy":"post_tag","embeddable":true,"href":"https:\/\/www.brenne-au-coeur.com\/index.php\/wp-json\/wp\/v2\/tags?post=2191"}],"curies":[{"name":"wp","href":"https:\/\/api.w.org\/{rel}","templated":true}]}}