{"id":2110,"date":"2022-07-17T12:34:45","date_gmt":"2022-07-17T10:34:45","guid":{"rendered":"https:\/\/www.brenne-au-coeur.com\/?p=2110"},"modified":"2022-07-18T11:05:33","modified_gmt":"2022-07-18T09:05:33","slug":"chant-et-musique-et-patrimoine","status":"publish","type":"post","link":"https:\/\/www.brenne-au-coeur.com\/index.php\/2022\/07\/17\/chant-et-musique-et-patrimoine\/communes\/mezieres-en-brenne\/2110\/","title":{"rendered":"Chant, musique et patrimoine"},"content":{"rendered":"<figure id=\"attachment_2116\" aria-describedby=\"caption-attachment-2116\" style=\"width: 246px\" class=\"wp-caption alignleft\"><a href=\"https:\/\/www.brenne-au-coeur.com\/wp-content\/uploads\/2022\/07\/anne-delafosse-6.jpeg\" rel=\"lightbox[2110]\"><img loading=\"lazy\" decoding=\"async\" class=\"wp-image-2116 size-medium\" src=\"https:\/\/www.brenne-au-coeur.com\/wp-content\/uploads\/2022\/07\/anne-delafosse-6-246x300.jpeg\" alt=\"\" width=\"246\" height=\"300\" srcset=\"https:\/\/www.brenne-au-coeur.com\/wp-content\/uploads\/2022\/07\/anne-delafosse-6-246x300.jpeg 246w, https:\/\/www.brenne-au-coeur.com\/wp-content\/uploads\/2022\/07\/anne-delafosse-6.jpeg 523w\" sizes=\"auto, (max-width: 246px) 100vw, 246px\" \/><\/a><figcaption id=\"caption-attachment-2116\" class=\"wp-caption-text\">\u00a9 Alain Genuys.<\/figcaption><\/figure>\n<p align=\"justify\"><span style=\"font-size: large;\"><span lang=\"fr-FR\">Les 24, 26 et 28 juillet prochains, trois concerts de musique ancienne seront donn\u00e9s en trois \u00e9glises de la Brenne et de ses environs. Trois concerts pr\u00e9sent\u00e9s par l\u2019Ensemble Rosace, sous la direction d\u2019<a href=\"https:\/\/annedelafosse.jimdofree.com\/\">Anne Delafosse<\/a>.<\/span><\/span><\/p>\n<p align=\"justify\"><span style=\"font-size: large;\">Cet ensemble constitu\u00e9 il y a une dizaine d\u2019ann\u00e9es est compos\u00e9 de chanteurs et d\u2019instrumentistes professionnels ou bien issus du <a href=\"http:\/\/www.cnsmd-lyon.fr\/\">Conservatoire National Sup\u00e9rieur Musique et Danse de Lyon<\/a> ou Anne Delafosse enseigne.<\/span><\/p>\n<p align=\"justify\"><span style=\"font-size: large;\">\u00c0 l\u2019occasion des ces trois spectacles, la formation \u00e9voluera avec trois artistes.<\/span><\/p>\n<p align=\"justify\"><span style=\"font-size: large;\"><span style=\"color: #222222;\"><span style=\"font-family: Liberation Serif, serif;\"><span lang=\"fr-FR\">Alliant musique et patrimoine, <\/span><\/span><\/span><span style=\"color: #222222;\"><span style=\"font-family: Liberation Serif, serif;\"><span lang=\"fr-FR\">le<\/span><\/span><\/span><span style=\"color: #222222;\"><span style=\"font-family: Liberation Serif, serif;\"><span lang=\"fr-FR\"> programme musical <\/span><\/span><\/span><span style=\"color: #222222;\"><span style=\"font-family: Liberation Serif, serif;\"><span lang=\"fr-FR\">sera, \u00e0 chaque fois,<\/span><\/span><\/span><span style=\"color: #222222;\"><span style=\"font-family: Liberation Serif, serif;\"><span lang=\"fr-FR\"> en relation avec chacun <\/span><\/span><\/span><span style=\"color: #000000;\"><span style=\"font-family: Liberation Serif, serif;\"><span lang=\"fr-FR\">d<\/span><\/span><\/span><span style=\"color: #222222;\"><span style=\"font-family: Liberation Serif, serif;\"><span lang=\"fr-FR\">es lieux\u00a0: <\/span><\/span><\/span><\/span><\/p>\n<p align=\"justify\"><span style=\"font-family: Liberation Serif, serif;\"><span style=\"font-size: large;\"><span style=\"color: #222222;\"><span lang=\"fr-FR\">\u00e0 <\/span><\/span><span style=\"color: #222222;\"><span lang=\"fr-FR\"><i>l\u2019abbatiale de St Genou le dimanche 24 juillet \u00e0 17 heures<\/i><\/span><\/span><span style=\"color: #222222;\"><span lang=\"fr-FR\">, <\/span><\/span><span style=\"color: #222222;\"><span lang=\"fr-FR\">il sera donn\u00e9<\/span><\/span><span style=\"color: #222222;\"><span lang=\"fr-FR\"> \u00e0 entendre des chants sacr\u00e9s<\/span><\/span> <span style=\"color: #222222;\"><span lang=\"fr-FR\">des XIe et XIIe si\u00e8cle, <\/span><\/span><\/span><\/span><\/p>\n<p align=\"justify\"><span style=\"font-family: Liberation Serif, serif;\"><span style=\"font-size: large;\"><span style=\"color: #222222;\"><span lang=\"fr-FR\">\u00e0 <\/span><\/span><span style=\"color: #222222;\"><span lang=\"fr-FR\"><i>l\u2019\u00e9glise de Paulnay le mardi 26 juillet \u00e0 17 heures,<\/i><\/span><\/span><span style=\"color: #222222;\"><span lang=\"fr-FR\"> l\u2019ange musicien joueur de rebec (vi\u00e8le \u00e0 archet originaire du moyen orient), l\u2019ange joueur de cornemuse ainsi<\/span><\/span><span style=\"color: #000000;\"><span lang=\"fr-FR\"> que <\/span><\/span><span style=\"color: #222222;\"><span lang=\"fr-FR\">les fresques sur <\/span><\/span><span style=\"color: #000000;\"><span lang=\"fr-FR\">les activit\u00e9s de l&rsquo;homme au cours <\/span><\/span><span style=\"color: #222222;\"><span lang=\"fr-FR\">des saisons, inspireront des chants et musiques instrumentales des XIIIe au XVe si\u00e8cle. <\/span><\/span><\/span><\/span><\/p>\n<figure id=\"attachment_2114\" aria-describedby=\"caption-attachment-2114\" style=\"width: 259px\" class=\"wp-caption alignright\"><a href=\"https:\/\/www.brenne-au-coeur.com\/wp-content\/uploads\/2022\/07\/anne-delafosse-5.jpeg\" rel=\"lightbox[2110]\"><img loading=\"lazy\" decoding=\"async\" class=\"wp-image-2114 size-full\" src=\"https:\/\/www.brenne-au-coeur.com\/wp-content\/uploads\/2022\/07\/anne-delafosse-5.jpeg\" alt=\"\" width=\"259\" height=\"194\" \/><\/a><figcaption id=\"caption-attachment-2114\" class=\"wp-caption-text\">L&rsquo;\u00e9glise de M\u00e9zi\u00e8res, derni\u00e8re \u00e9tape de cette s\u00e9rie de trois concerts<\/figcaption><\/figure>\n<p align=\"justify\"><span style=\"font-family: Liberation Serif, serif;\"><span style=\"font-size: large;\"><span style=\"color: #222222;\"><span lang=\"fr-FR\">Quant \u00e0 <\/span><\/span><span style=\"color: #222222;\"><span lang=\"fr-FR\"><i>l\u2019\u00e9glise de M\u00e9zi\u00e8res en Brenne<\/i><\/span><\/span><span style=\"color: #ff0000;\"><span lang=\"fr-FR\"><i>,<\/i><\/span><\/span> <span style=\"color: #222222;\"><span lang=\"fr-FR\">construite au XIVe si\u00e8cle et d\u00e9di\u00e9e \u00e0 <\/span><\/span><span style=\"color: #222222;\"><span lang=\"fr-FR\"><i>Ste Marie-Madeleine<\/i><\/span><\/span><span style=\"color: #222222;\"><span lang=\"fr-FR\"> elle r\u00e9sonnera <\/span><\/span><span style=\"color: #222222;\"><span lang=\"fr-FR\"><i>le jeudi 28 juillet \u00e0 17 heures<\/i><\/span><\/span><span style=\"color: #222222;\"><span lang=\"fr-FR\"> de musiques polyphoniques m\u00ealant voix et instruments en l\u2019honneur de la Sainte Patronne. Ses chapelles et vitraux dits \u00ab\u00a0d\u2019Anjou\u00a0\u00bb (Louis et Nicolas), ajout\u00e9es aux XVe et XVIe si\u00e8cle, seront \u00ab\u00a0mises en musique\u00a0\u00bb par des pi\u00e8ces qui leurs sont contemporaines.<\/span><\/span><\/span><\/span><\/p>\n<p align=\"justify\"><strong><span style=\"font-family: Liberation Serif, serif;\"><span style=\"font-size: large;\"><span style=\"color: #222222;\"><span lang=\"fr-FR\">R\u00e9servation conseill\u00e9e au&nbsp;: 06 88 16 77 10, libre participation.<\/span><\/span><\/span><\/span><\/strong><\/p>\n","protected":false},"excerpt":{"rendered":"<p>Les 24, 26 et 28 juillet prochains, trois concerts de musique ancienne seront donn\u00e9s en trois \u00e9glises de la Brenne et de ses environs. Trois concerts pr\u00e9sent\u00e9s par l\u2019Ensemble Rosace, sous la direction d\u2019Anne Delafosse. Cet ensemble constitu\u00e9 il y a une dizaine d\u2019ann\u00e9es est compos\u00e9 de chanteurs et d\u2019instrumentistes professionnels ou bien issus du&hellip;&nbsp;<a href=\"https:\/\/www.brenne-au-coeur.com\/index.php\/2022\/07\/17\/chant-et-musique-et-patrimoine\/communes\/mezieres-en-brenne\/2110\/\" rel=\"bookmark\">Lire la suite&nbsp;&raquo;<span class=\"screen-reader-text\">Chant, musique et patrimoine<\/span><\/a><\/p>\n","protected":false},"author":1,"featured_media":2112,"comment_status":"open","ping_status":"open","sticky":false,"template":"","format":"standard","meta":{"rop_custom_images_group":[],"rop_custom_messages_group":[],"rop_publish_now":"initial","rop_publish_now_accounts":[],"rop_publish_now_history":[],"rop_publish_now_status":"pending","_monsterinsights_skip_tracking":false,"_monsterinsights_sitenote_active":false,"_monsterinsights_sitenote_note":"","_monsterinsights_sitenote_category":0,"neve_meta_sidebar":"","neve_meta_container":"","neve_meta_enable_content_width":"off","neve_meta_content_width":70,"neve_meta_title_alignment":"","neve_meta_author_avatar":"","neve_post_elements_order":"","neve_meta_disable_header":"","neve_meta_disable_footer":"","neve_meta_disable_title":"","_jetpack_memberships_contains_paid_content":false,"footnotes":"","jetpack_publicize_message":"","jetpack_publicize_feature_enabled":true,"jetpack_social_post_already_shared":false,"jetpack_social_options":{"image_generator_settings":{"template":"highway","default_image_id":0,"font":"","enabled":false},"version":2}},"categories":[12,15,100],"tags":[64,40],"class_list":["post-2110","post","type-post","status-publish","format-standard","has-post-thumbnail","hentry","category-mezieres-en-brenne","category-paulnay","category-saint-genou","tag-concert","tag-musique"],"aioseo_notices":[],"jetpack_publicize_connections":[],"jetpack_featured_media_url":"https:\/\/www.brenne-au-coeur.com\/wp-content\/uploads\/2022\/07\/anne-delafosse-3.jpeg","jetpack-related-posts":[],"jetpack_sharing_enabled":true,"_links":{"self":[{"href":"https:\/\/www.brenne-au-coeur.com\/index.php\/wp-json\/wp\/v2\/posts\/2110","targetHints":{"allow":["GET"]}}],"collection":[{"href":"https:\/\/www.brenne-au-coeur.com\/index.php\/wp-json\/wp\/v2\/posts"}],"about":[{"href":"https:\/\/www.brenne-au-coeur.com\/index.php\/wp-json\/wp\/v2\/types\/post"}],"author":[{"embeddable":true,"href":"https:\/\/www.brenne-au-coeur.com\/index.php\/wp-json\/wp\/v2\/users\/1"}],"replies":[{"embeddable":true,"href":"https:\/\/www.brenne-au-coeur.com\/index.php\/wp-json\/wp\/v2\/comments?post=2110"}],"version-history":[{"count":11,"href":"https:\/\/www.brenne-au-coeur.com\/index.php\/wp-json\/wp\/v2\/posts\/2110\/revisions"}],"predecessor-version":[{"id":2117,"href":"https:\/\/www.brenne-au-coeur.com\/index.php\/wp-json\/wp\/v2\/posts\/2110\/revisions\/2117"}],"wp:featuredmedia":[{"embeddable":true,"href":"https:\/\/www.brenne-au-coeur.com\/index.php\/wp-json\/wp\/v2\/media\/2112"}],"wp:attachment":[{"href":"https:\/\/www.brenne-au-coeur.com\/index.php\/wp-json\/wp\/v2\/media?parent=2110"}],"wp:term":[{"taxonomy":"category","embeddable":true,"href":"https:\/\/www.brenne-au-coeur.com\/index.php\/wp-json\/wp\/v2\/categories?post=2110"},{"taxonomy":"post_tag","embeddable":true,"href":"https:\/\/www.brenne-au-coeur.com\/index.php\/wp-json\/wp\/v2\/tags?post=2110"}],"curies":[{"name":"wp","href":"https:\/\/api.w.org\/{rel}","templated":true}]}}