{"id":2083,"date":"2022-07-10T15:56:39","date_gmt":"2022-07-10T13:56:39","guid":{"rendered":"https:\/\/www.brenne-au-coeur.com\/?p=2083"},"modified":"2022-07-11T16:23:17","modified_gmt":"2022-07-11T14:23:17","slug":"histoires-de-femmes","status":"publish","type":"post","link":"https:\/\/www.brenne-au-coeur.com\/index.php\/2022\/07\/10\/histoires-de-femmes\/communes\/mezieres-en-brenne\/2083\/","title":{"rendered":"Histoires de femmes"},"content":{"rendered":"<p align=\"center\"><span style=\"font-size: x-large;\">\u00a0<\/span><\/p>\n<p><span style=\"color: #000000;\"><span style=\"font-family: Arial, sans-serif;\"><span style=\"font-size: large;\">La derni\u00e8re r\u00e9union du club de lecture de M\u00e9zi\u00e8res, a \u00e9t\u00e9 marqu\u00e9e, pour l\u2019essentiel, par la pr\u00e9sentation de nombreux livres racontant des histoires de femmes.<\/span><\/span><\/span><\/p>\n<p><span style=\"font-family: Arial, sans-serif;\"><span style=\"font-size: large;\"><span style=\"color: #000000;\"><i><b>Solange Sand. L\u2019ange d\u00e9chu.<\/b><\/i><\/span><i><b> <\/b><\/i><\/span><\/span><\/p>\n<p><span style=\"font-family: Arial, sans-serif;\"><span style=\"font-size: large;\"><b>Christophe Grandemange.<\/b> Biographie. 2017. Editeur\u00a0: La gare des mots. 253 pages. <span style=\"color: #000000;\">Livre de la BDI, actuellement \u00e0 M\u00e9zi\u00e8res.<\/span><\/span><\/span><\/p>\n<p><span style=\"color: #000000;\"><span style=\"font-family: Arial, sans-serif;\"><span style=\"font-size: large;\"><i><b>\u00ab\u00a0L\u2019auteur a r\u00e9cemment pr\u00e9sent\u00e9, \u00e0 la <a href=\"https:\/\/www.mediathequesdelabrenne.fr\/index\/index\/id_profil\/39\">m\u00e9diath\u00e8que d\u2019Azay-le-Ferron<\/a>, son dernier ouvrage concernant Solange Sand, intitul\u00e9 \u00ab\u00a0Une vie inachev\u00e9e\u00a0\u00bb<\/b><\/i><\/span><\/span><\/span><\/p>\n<p align=\"left\"><span style=\"font-family: Arial, sans-serif;\"><span style=\"font-size: large;\">Solange Sand est peut-\u00eatre le membre de la famille de George Sand qui soul\u00e8ve le plus d&rsquo;interrogations. Souvent d\u00e9cri\u00e9e, largement controvers\u00e9e, la fille de la romanci\u00e8re a depuis toujours \u00e9t\u00e9, tr\u00e8s injustement, rel\u00e9gu\u00e9e au rang de \u00ab&nbsp;mauvaise fille.&nbsp;\u00bb N\u00e9e en 1828, elle \u00e9pouse, \u00e0 19 ans, le sculpteur Auguste Cl\u00e9singer, avec qui elle va avoir deux filles, qu&rsquo;elle perdra successivement. En recherche constante de l&rsquo;amour maternel, Solange ne cessera de qu\u00e9rir, tout au long de sa vie, un id\u00e9al qu&rsquo;elle ne parviendra jamais \u00e0 atteindre. Une vie qui ne sera constitu\u00e9e que de d\u00e9buts d&rsquo;histoires\u2026 L&rsquo;\u00e9tude approfondie de sa tr\u00e8s riche correspondance montre les failles de cette femme sensible, loin des clich\u00e9s v\u00e9hicul\u00e9s depuis pr\u00e8s de deux si\u00e8cles sur son compte. Certes, Solange avait parfois le verbe aiguis\u00e9. Elle s&rsquo;\u00e9tait, au fil du temps, forg\u00e9 une carapace que seuls ses vrais amis pouvaient, parfois, soulever\u2026 Elle est morte en 1899, profond\u00e9ment seule mais n&rsquo;ayant jamais cess\u00e9 d&rsquo;aimer celle qu&rsquo;elle adorait tant&nbsp;: sa m\u00e8re. [source \u00e9diteur]<b> <\/b><\/span><\/span><\/p>\n<p><span style=\"font-family: Arial, sans-serif;\"><span style=\"font-size: large;\"><span style=\"color: #000000;\"><i><b><a href=\"https:\/\/www.brenne-au-coeur.com\/wp-content\/uploads\/2022\/07\/lheritiere-des-anges.jpg\" rel=\"lightbox[2083]\"><img loading=\"lazy\" decoding=\"async\" class=\"alignleft wp-image-2090 size-full\" src=\"https:\/\/www.brenne-au-coeur.com\/wp-content\/uploads\/2022\/07\/lheritiere-des-anges.jpg\" alt=\"\" width=\"195\" height=\"293\" \/><\/a>L\u2019h\u00e9riti\u00e8re des anges.<\/b><\/i><\/span> <\/span><\/span><\/p>\n<p><span style=\"font-family: Arial, sans-serif;\"><span style=\"font-size: large;\"><b>Florence Roche.<\/b> Roman historique. 2019. \u00c9diteur&nbsp;: Presse de la cit\u00e9. 251 pages. <span style=\"color: #000000;\">Livre de la M\u00e9diath\u00e8que de M\u00e9zi\u00e8res.<\/span><\/span><\/span><\/p>\n<p align=\"left\"><span style=\"font-family: Arial, sans-serif;\"><span style=\"font-size: large;\">En ces temps obscurs du XVIIIe si\u00e8cle, la beaut\u00e9 mais surtout la voix d&rsquo;ange dont est dot\u00e9e \u00c9l\u00e9onore ne peuvent longtemps passer inaper\u00e7ues.<br \/>\nBravant l&rsquo;interdit fait aux femmes de chanter, la jeune orpheline ne soup\u00e7onne pas le pouvoir que rec\u00e8le ce don et se retrouve enferm\u00e9e contre son gr\u00e9 dans un clo\u00eetre de soeurs cisterciennes. Remarqu\u00e9e par la tr\u00e8s pieuse comtesse de Lesle qui la veut \u00e0 ses cot\u00e9s \u00e0 titre de chanteuse priv\u00e9e, elle d\u00e9couvre Paris et l&rsquo;op\u00e9ra. Un nouvel avenir s&rsquo;offre enfin \u00e0 celle pour qui le chant est l&rsquo;unique passion. Or, c&rsquo;est \u00e0 la d\u00e9couverte du secret de ses origines qu&rsquo;elle s&rsquo;aventure d\u00e9sormais&#8230; <\/span><\/span><\/p>\n<p><span style=\"font-family: Arial, sans-serif;\"><span style=\"font-size: large;\"><span style=\"color: #000000;\"><i><b>E<\/b><\/i><\/span><span style=\"color: #000000;\"><i><b>lle venait d\u2019Odessa.<\/b><\/i><\/span> <\/span><\/span><\/p>\n<p><span style=\"font-family: Arial, sans-serif;\"><span style=\"font-size: large;\"><b>Marie Audran.<\/b> Roman. 2014. \u00c9diteur&nbsp;: Encre Bleue. 195 pages. <span style=\"color: #000000;\">Largevision. Livre de la M\u00e9diath\u00e8que de M\u00e9zi\u00e8res.<\/span><\/span><\/span><\/p>\n<p><span style=\"color: #000000;\"><span style=\"font-family: Arial, sans-serif;\"><span style=\"font-size: large;\"><i><b>\u00ab\u00a0C\u2019est un roman en deux parties. Il d\u00e9bute 260 jours avant le d\u00e9c\u00e8s de Boris, m\u00e9decin emport\u00e9 par un AVC. Une partie au cours de laquelle, j\u2019ai retrouv\u00e9 des lieux familiers et des vers de Lamartine appris \u00e0 l\u2019\u00e9cole\u00a0\u00bb raconte Gille.<\/b><\/i><\/span><\/span><\/span><\/p>\n<p align=\"left\"><span style=\"font-family: Arial, sans-serif;\"><span style=\"font-size: large;\">Pourquoi ce carton cach\u00e9 au fond de la penderie de Boris&nbsp;? Elsa caresse les costumes de son mari. Une derni\u00e8re fois respire son parfum et d\u00e9pose le carton sur la table. Elle va y d\u00e9couvrir des lettres jaunies, des fleurs s\u00e9ch\u00e9es, des photos. La vie de Sofia, une des premi\u00e8res femmes m\u00e9decin, repartie dipl\u00f4m\u00e9e \u00e0 Odessa en juillet 1904. Mais aussi le secret de famille. L\u2019amour fou et impensable entre Sofia et Joseph son professeur \u00e0 l\u2019universit\u00e9 de Lyon. En toile de fond, les \u00e9v\u00e9nements \u00e0 Odessa entre 1904 et 1906 qui faisaient craindre le pire. Elsa va-t-elle se consoler du deuil de son mari en restant pr\u00e8s de lui et de sa Babouchka&nbsp;? Sa grand-m\u00e8re maternelle, celle dont on disait qu\u2019Elsa lui aurait tant plu\u2026 <\/span><\/span><\/p>\n<figure id=\"attachment_2089\" aria-describedby=\"caption-attachment-2089\" style=\"width: 195px\" class=\"wp-caption alignright\"><a href=\"https:\/\/www.brenne-au-coeur.com\/wp-content\/uploads\/2022\/07\/adieu-kharkov.jpg\" rel=\"lightbox[2083]\"><img loading=\"lazy\" decoding=\"async\" class=\"wp-image-2089 size-full\" src=\"https:\/\/www.brenne-au-coeur.com\/wp-content\/uploads\/2022\/07\/adieu-kharkov.jpg\" alt=\"\" width=\"195\" height=\"277\" \/><\/a><figcaption id=\"caption-attachment-2089\" class=\"wp-caption-text\">Adieu Kharkov<\/figcaption><\/figure>\n<p><span style=\"font-family: Arial, sans-serif;\"><span style=\"font-size: large;\"><span style=\"color: #000000;\"><i><b>Adieu Kharkov<\/b><\/i><\/span><i><b> <\/b><\/i><\/span><\/span><\/p>\n<p><span style=\"font-family: Arial, sans-serif;\"><span style=\"font-size: large;\"><b>M<\/b><b>yl\u00e8ne Demongeot, C<\/b><b>laire <\/b><b>Bouilhac, Catel <\/b><b>Muller<\/b><b>.<\/b> Bande dessin\u00e9e. 2019. \u00c9diteur&nbsp;: Aire Libre . 253 pages. <span style=\"color: #000000;\">Livre de Bdi, actuellement \u00e0 la M\u00e9diath\u00e8que de M\u00e9zi\u00e8res.<\/span><\/span><\/span><\/p>\n<p><span style=\"font-family: Arial, sans-serif;\"><span style=\"font-size: large;\"><i><b>\u00ab\u00a0Cette histoire d\u2019une femme, abandonn\u00e9e pendant son enfance, partie d\u2019une extr\u00eame pauvret\u00e9, en qu\u00eate de revanche sur la vie, es servi par des dessins d\u2019un tr\u00e8s grand r\u00e9alisme\u00a0\u00bb, explique Gilles<\/b><\/i><\/span><\/span><\/p>\n<p align=\"left\"><a name=\"js-showResume\"><\/a> <span style=\"font-family: Arial, sans-serif;\"><span style=\"font-size: large;\">Paris 1985. Atteinte d&rsquo;un cancer, la m\u00e8re de Myl\u00e8ne Demongeot vit ses derniers moments. Press\u00e9e par la tendre sollicitude de sa fille, elle entame le r\u00e9cit de son enfance \u00e0 Kharkov, en Ukraine, puis de son adolescence et de sa jeunesse, de la Russie \u00e0 la France, en passant par la Chine. Dot\u00e9e d&rsquo;une volont\u00e9 de fer, elle refuse d\u00e8s son plus jeune \u00e2ge le sort r\u00e9serv\u00e9 aux femmes, vou\u00e9es au mariage et \u00e0 l&rsquo;enfantement. Bravant les convenances, elle va gravir un \u00e0 un les \u00e9chelons de sa libert\u00e9 et de sa r\u00e9ussite, tandis que s&#8217;emballe l&rsquo;histoire du XXe si\u00e8cle. Un r\u00e9cit personnel qui est aussi celui d&rsquo;une lutte, sur lequel Myl\u00e8ne Demongeot pose un regard aimant et distanci\u00e9, offrant en contrepoint le r\u00e9cit, par touches subtiles, de sa propre vie de femme.<\/span><\/span><\/p>\n<figure id=\"attachment_2088\" aria-describedby=\"caption-attachment-2088\" style=\"width: 190px\" class=\"wp-caption alignleft\"><a href=\"https:\/\/www.brenne-au-coeur.com\/wp-content\/uploads\/2022\/07\/une-soupe-a-la-grenade.jpg\" rel=\"lightbox[2083]\"><img loading=\"lazy\" decoding=\"async\" class=\"wp-image-2088 size-medium\" src=\"https:\/\/www.brenne-au-coeur.com\/wp-content\/uploads\/2022\/07\/une-soupe-a-la-grenade-190x300.jpg\" alt=\"\" width=\"190\" height=\"300\" srcset=\"https:\/\/www.brenne-au-coeur.com\/wp-content\/uploads\/2022\/07\/une-soupe-a-la-grenade-190x300.jpg 190w, https:\/\/www.brenne-au-coeur.com\/wp-content\/uploads\/2022\/07\/une-soupe-a-la-grenade.jpg 250w\" sizes=\"auto, (max-width: 190px) 100vw, 190px\" \/><\/a><figcaption id=\"caption-attachment-2088\" class=\"wp-caption-text\">Une soupe \u00e0 la grenade<\/figcaption><\/figure>\n<p><span style=\"font-family: Arial, sans-serif;\"><span style=\"font-size: large;\"><span style=\"color: #000000;\"><i><b>Une soupe \u00e0 la grenade<\/b><\/i><\/span><b> <\/b><\/span><\/span><\/p>\n<p><span style=\"font-family: Arial, sans-serif;\"><span style=\"font-size: large;\"><b>Marsha Mehran.<\/b> Roman. 2021. \u00c9ditions&nbsp;: Philippe Picquier. Traduction&nbsp;: Santiago Artozqui. 285 pages.<\/span><\/span><\/p>\n<p><span style=\"font-family: Arial, sans-serif;\"><span style=\"font-size: large;\"><span style=\"color: #000000;\">Livre de la M\u00e9diath\u00e8que en Brenne, Val de creuse. Actuellement \u00e0 la m\u00e9diath\u00e8que de M\u00e9zi\u00e8res.<\/span><\/span><\/span><\/p>\n<p><span style=\"font-family: Arial, sans-serif;\"><span style=\"font-size: large;\"><i><b>\u00ab\u00a0Roman d\u00e9licieux, \u00e0 d\u00e9guster et \u00e0 savourer sans mod\u00e9ration\u00a0\u00bb pr\u00e9cise Yvette<\/b><\/i><\/span><\/span><\/p>\n<p align=\"left\"><span style=\"font-family: Arial, sans-serif;\"><span style=\"font-size: large;\">Trois jeunes s\u0153urs ayant fui l\u2019Iran au moment de la r\u00e9volution trouvent refuge dans un petit village d\u2019Irlande pluvieux et repli\u00e9 sur lui-m\u00eame. Elles y ouvrent le Babylon Caf\u00e9 et bient\u00f4t les effluves ensorcelants de la cardamome et de la nigelle, des amandes grill\u00e9es et du miel chaud bouleversent la tranquillit\u00e9 de Ballinacroagh. Les habitants ne les accueillent pas \u00e0 bras ouverts, loin s\u2019en faut. Mais la cuisine persane des trois soeurs, d\u00e9licate et parfum\u00e9e, fait germer d\u2019\u00e9tranges graines chez ceux qui la go\u00fbtent. Les d\u00e9licieux rouleaux de dolmas \u00e0 l\u2019aneth et les baklavas fondant sur la langue, arros\u00e9s d\u2019un th\u00e9 dor\u00e9 infusant dans son samovar en cuivre, font fleurir leurs r\u00eaves et leur donnent envie de transformer leur vie.<br \/>\nMarsha Mehran s\u2019est inspir\u00e9e de sa propre histoire familiale pour composer ce roman chaleureux et sensuel. <\/span><\/span><\/p>\n<figure id=\"attachment_2087\" aria-describedby=\"caption-attachment-2087\" style=\"width: 185px\" class=\"wp-caption alignright\"><a href=\"https:\/\/www.brenne-au-coeur.com\/wp-content\/uploads\/2022\/07\/au-nom-de-sankar.jpg\" rel=\"lightbox[2083]\"><img loading=\"lazy\" decoding=\"async\" class=\"wp-image-2087 size-medium\" src=\"https:\/\/www.brenne-au-coeur.com\/wp-content\/uploads\/2022\/07\/au-nom-de-sankar-185x300.jpg\" alt=\"\" width=\"185\" height=\"300\" srcset=\"https:\/\/www.brenne-au-coeur.com\/wp-content\/uploads\/2022\/07\/au-nom-de-sankar-185x300.jpg 185w, https:\/\/www.brenne-au-coeur.com\/wp-content\/uploads\/2022\/07\/au-nom-de-sankar.jpg 195w\" sizes=\"auto, (max-width: 185px) 100vw, 185px\" \/><\/a><figcaption id=\"caption-attachment-2087\" class=\"wp-caption-text\">Au nom de sankar<\/figcaption><\/figure>\n<p align=\"left\"><span style=\"font-family: Arial, sans-serif;\"><span style=\"font-size: large;\"><span style=\"color: #000000;\"><i><b>A<\/b><\/i><\/span><span style=\"color: #000000;\"><i><b>u nom de sankar<\/b><\/i><\/span> <\/span><\/span><\/p>\n<p align=\"left\"><span style=\"font-family: Arial, sans-serif;\"><span style=\"font-size: large;\"><b>Kausalya. <\/b>Une femme qui combat les castes et les crimes d\u2019honneur. 2020&nbsp;; \u00c9diteur&nbsp;: Fayard. 220 pages. <span style=\"color: #000000;\">Livre de la BDI, actuellement \u00e0 la M\u00e9diath\u00e8que de M\u00e9zi\u00e8res.<\/span><\/span><\/span><\/p>\n<p align=\"left\"><span style=\"font-family: Arial, sans-serif;\"><span style=\"font-size: large;\">L\u2019histoire de Kausalya et Sankar aurait pu \u00eatre celle d\u2019un conte. Kausalya vient d\u2019une haute caste. Sankar, lui, est un Intouchable. Il est de ceux qui, en Inde, sont exclus de tout. Des parias. Tout \u00e9tait fait pour qu\u2019ils ne se rencontrent pas.<br \/>\nEt pourtant, ces deux que tout oppose se rencontrent et tombent amoureux. Aveugl\u00e9s par la passion, Sankar et Kausalya pensent que leur amour sera plus fort et d\u00e9cident de se marier.<br \/>\nC\u2019est l\u00e0 que tout bascule. Le 13 mars 2016, un dimanche d\u2019\u00e9t\u00e9, \u00e0 Udumalpet, petite ville de l\u2019\u00c9tat du Tamil Nadu, dans le sud de l\u2019Inde, cinq hommes, \u00e0 visage d\u00e9couvert, d\u00e9barquent soudain sur deux mobylettes et foncent sur le couple. Arm\u00e9s de longs couteaux, ils lac\u00e8rent Sankar.<br \/>\nQuelques minutes plus tard, le jeune homme de 22 ans meurt dans l\u2019ambulance. Un crime d\u2019honneur, dont les initiateurs ne sont autres que les propres parents de Kausalya.<br \/>\nKausalya a tout perdu. Mais elle a d\u00e9cid\u00e9 de transformer son chagrin et sa col\u00e8re en lutte. Dans ce t\u00e9moignage exceptionnel, celle qui est devenue le symbole en Inde de la lutte contre les castes raconte son histoire. Pour la m\u00e9moire de Sankar, pour en finir avec les crimes d\u2019honneur et le m\u00e9pris des femmes. Et pour que l\u2019amour triomphe enfin des castes. <\/span><\/span><\/p>\n<figure id=\"attachment_2086\" aria-describedby=\"caption-attachment-2086\" style=\"width: 195px\" class=\"wp-caption alignleft\"><a href=\"https:\/\/www.brenne-au-coeur.com\/wp-content\/uploads\/2022\/07\/de-la-foret.jpg\" rel=\"lightbox[2083]\"><img loading=\"lazy\" decoding=\"async\" class=\"wp-image-2086 size-full\" src=\"https:\/\/www.brenne-au-coeur.com\/wp-content\/uploads\/2022\/07\/de-la-foret.jpg\" alt=\"\" width=\"195\" height=\"296\" \/><\/a><figcaption id=\"caption-attachment-2086\" class=\"wp-caption-text\">\u00ab\u00a0De la for\u00eat \u00ab\u00a0<\/figcaption><\/figure>\n<p><span style=\"font-family: Arial, sans-serif;\"><span style=\"font-size: large;\"><span style=\"color: #000000;\"><i><b>\u00ab\u00a0De la for\u00eat \u00ab\u00a0<\/b><\/i><\/span> <\/span><\/span><\/p>\n<p><span style=\"font-family: Arial, sans-serif;\"><span style=\"font-size: large;\"><b>Bibhouti Bhoushan BANERJI,<\/b> auteur Bengali n\u00e9 en 1894 et d\u00e9c\u00e9d\u00e9 en 1950. Ce livre a \u00e9t\u00e9 \u00e9crit en 1938, r\u00e9\u00e9dit\u00e9 en France en 2020 aux \u00e9ditions Zulma et <span style=\"color: #3465a4;\">disponible \u00e0 la biblioth\u00e8que de M\u00e9zi\u00e8res.<\/span>\u00a0<\/span><\/span><\/p>\n<p align=\"left\"><span style=\"font-family: Arial, sans-serif;\"><span style=\"font-size: large;\"><i><b>\u00ab\u00a0Ce livre \u00e9crit, voici plus de 80 ans par un auteur bengali, \u00e9tait tr\u00e8s avant-gardiste. Gr\u00e2ce \u00e0 ses extraordinaires descriptions des for\u00eats, de la flore et de la faune, c\u2019est un merveilleux hymne \u00e0 la nature qu malheureusement, l\u2019homme d\u00e9truit\u00a0\u00bb, explique Chantal.<\/b><\/i><\/span><\/span><\/p>\n<p><span style=\"font-family: Arial, sans-serif;\"><span style=\"font-size: large;\">C&rsquo;est un livre largement autobiographique, pas vraiment un roman mais plut\u00f4t une longue contemplation \u00e0 la fois des modes de vie des gens et des paysages,\u00a0 des for\u00eats et des montagnes.\u00a0<\/span><\/span><\/p>\n<p><span style=\"font-family: Arial, sans-serif;\"><span style=\"font-size: large;\">C&rsquo;est l&rsquo;histoire d&rsquo;un jeune homme dipl\u00f4m\u00e9 en droit d&rsquo;une universit\u00e9 de Calcutta qui cherche d\u00e9sesp\u00e9r\u00e9ment du travail. A l&rsquo;occasion d&rsquo;une f\u00eate d\u00e9di\u00e9e \u00e0 une d\u00e9esse,\u00a0 il croise un ancien ami,\u00a0 fils d&rsquo;un riche propri\u00e9taire terrien qui lui propose un poste de r\u00e9gisseur dans le Bihar, une province tr\u00e8s pauvre du Nord Est de l&rsquo;Inde.\u00a0<\/span><\/span><\/p>\n<p><span style=\"font-family: Arial, sans-serif;\"><span style=\"font-size: large;\">Il quitte donc Calcutta pour s&rsquo;installer au milieu de la jungle. Pour quelques roupies, son r\u00f4le consiste \u00e0 distribuer des terres \u00e0\u00a0 des familles de basse caste,\u00a0 charge \u00e0 elles de les d\u00e9fricher et de produire de quoi nourrir leur famille et enrichir le propri\u00e9taire. Son r\u00f4le est \u00e9galement de rendre la justice ce qui lui conf\u00e8re beaucoup de pouvoir.\u00a0<\/span><\/span><\/p>\n<p><span style=\"font-family: Arial, sans-serif;\"><span style=\"font-size: large;\">D\u00e8s son arriv\u00e9e, Calcutta lui manque, il souffre d&rsquo;isolement mais les mois passant, il se sent de mieux en mieux dans ces for\u00eats o\u00f9 il fait des rencontres improbables de personnages tr\u00e8s attachants.<\/span><\/span><\/p>\n<p><span style=\"font-family: Arial, sans-serif;\"><span style=\"font-size: large;\">Le livre est le r\u00e9cit de ces rencontres au milieu de paysages envo\u00fbtants.\u00a0<\/span><\/span><\/p>\n<p><span style=\"font-family: Arial, sans-serif;\"><span style=\"font-size: large;\">C&rsquo;est un hymne \u00e0 la beaut\u00e9 de la nature alors que le h\u00e9ros sait que son travail est de mettre en oeuvre la d\u00e9forestation.<\/span><\/span><\/p>\n<p><span style=\"font-family: Arial, sans-serif;\"><span style=\"font-size: large;\"><span style=\"color: #000000;\"><i><b><a href=\"https:\/\/www.brenne-au-coeur.com\/wp-content\/uploads\/2022\/07\/la-carte-postale.jpg\" rel=\"lightbox[2083]\"><img loading=\"lazy\" decoding=\"async\" class=\"alignright wp-image-2085 size-full\" src=\"https:\/\/www.brenne-au-coeur.com\/wp-content\/uploads\/2022\/07\/la-carte-postale.jpg\" alt=\"\" width=\"195\" height=\"297\" \/><\/a>La carte postale.<\/b><\/i><\/span><b> <\/b><\/span><\/span><\/p>\n<p><span style=\"font-family: Arial, sans-serif;\"><span style=\"font-size: large;\"><b>Anne Berest.<\/b> Roman. 2021. \u00c9diteur&nbsp;: Grasset. 512 pages.<\/span><\/span><\/p>\n<p><span style=\"color: #000000;\"><span style=\"font-family: Arial, sans-serif;\"><span style=\"font-size: large;\">Livre de la M\u00e9diath\u00e8que de M\u00e9zi\u00e8res.<\/span><\/span><\/span><\/p>\n<p><span style=\"font-family: Arial, sans-serif;\"><span style=\"font-size: large;\"><strong><span style=\"color: #000000;\"><i>L<\/i><\/span><\/strong><strong><span style=\"color: #000000;\"><i>&lsquo;histoire d&rsquo;une famille d\u00e9cim\u00e9e \u00e0 Auschwitz<\/i><\/span><\/strong><\/span><\/span><\/p>\n<p><span style=\"font-family: Arial, sans-serif;\"><span style=\"font-size: large;\">La carte postale est arriv\u00e9e dans notre bo\u00eete aux lettres au milieu des traditionnelles cartes de v\u0153ux. Elle n\u2019\u00e9tait pas sign\u00e9e, l\u2019auteur avait voulu rester anonyme. Il y avait l\u2019op\u00e9ra Garnier d\u2019un c\u00f4t\u00e9 et de l\u2019autre, les pr\u00e9noms des grands-parents de ma m\u00e8re, de sa tante et son oncle, morts \u00e0 Auschwitz en 1942. Vingt ans plus tard, j\u2019ai d\u00e9cid\u00e9 de savoir qui nous avait envoy\u00e9 cette carte postale, en explorant toutes les hypoth\u00e8ses qui s\u2019ouvraient \u00e0 moi.<\/span><\/span><\/p>\n<p><span style=\"font-family: Arial, sans-serif;\"><span style=\"font-size: large;\">Ce livre m\u2019a men\u00e9e cent ans en arri\u00e8re. J\u2019ai retrac\u00e9 le destin romanesque des Rabinovitch, leur fuite de Russie, leur voyage en Lettonie puis en Palestine. Et en fin leur arriv\u00e9e \u00e0 Paris, avec la guerre et son d\u00e9sastre.<\/span><\/span><\/p>\n<p><span style=\"font-family: Arial, sans-serif;\"><span style=\"font-size: large;\">J\u2019ai essay\u00e9 de comprendre pourquoi ma grand-m\u00e8re Myrian fut la seule qui \u00e9chappa \u00e0 la d\u00e9portation. Et d\u2019\u00e9claircir les myst\u00e8res qui entouraient ses deux mariages.<\/span><\/span><\/p>\n<p><span style=\"font-family: Arial, sans-serif;\"><span style=\"font-size: large;\">Le roman de mes anc\u00eatres est aussi une qu\u00eate initiatique sur la signification du mot \u00ab\u00a0juif\u00a0\u00bb dans une vie la\u00efque\u00a0\u00bb<\/span><\/span><\/p>\n<p><span style=\"font-family: Arial, sans-serif;\"><span style=\"font-size: large;\"><span style=\"color: #000000;\"><i><b><a href=\"https:\/\/www.brenne-au-coeur.com\/wp-content\/uploads\/2022\/07\/sage-femme-en-ardeche.jpg\" rel=\"lightbox[2083]\"><img loading=\"lazy\" decoding=\"async\" class=\"alignleft wp-image-2084 size-full\" src=\"https:\/\/www.brenne-au-coeur.com\/wp-content\/uploads\/2022\/07\/sage-femme-en-ardeche.jpg\" alt=\"\" width=\"195\" height=\"288\" \/><\/a>Sage-femme en <\/b><\/i><\/span><span style=\"color: #000000;\"><i><b>A<\/b><\/i><\/span><span style=\"color: #000000;\"><i><b>rd\u00e8che.<\/b><\/i><\/span> <\/span><\/span><\/p>\n<p><span style=\"font-family: Arial, sans-serif;\"><span style=\"font-size: large;\"><b>Marianne Viviez.<\/b> T\u00e9moignage. 2015. \u00c9diteur&nbsp;: Encre Bleue. 205 pages. Large vision. <span style=\"color: #3465a4;\">Livre de M\u00e9diath\u00e8que de M\u00e9zi\u00e8res.<\/span><\/span><\/span><\/p>\n<p><span style=\"font-family: Arial, sans-serif;\"><span style=\"font-size: large;\"><strong><span style=\"color: #000000;\"><i>\u00ab\u00a0un m\u00e9tier passionnant en Ard\u00e8che, durant 50 ans.\u00a0\u00bb<\/i><\/span><\/strong><\/span><\/span><\/p>\n<p><span style=\"font-family: Arial, sans-serif;\"><span style=\"font-size: large;\">Les m\u00e9moires d&rsquo;une sage-femme ard\u00e9choise o\u00f9 s&rsquo;expriment les joies et les douleurs qu&rsquo;elle a connues dans son travail&nbsp;: les accouchements difficiles, les enfants malform\u00e9s, la concurrence entre l&rsquo;h\u00f4pital et les praticiens lib\u00e9raux, une naissance dans une maison close, les cours d&rsquo;anatomie ou encore la r\u00e9forme de la s\u00e9curit\u00e9 publique. <\/span><\/span><\/p>\n<p><span style=\"font-family: Arial, sans-serif;\"><span style=\"font-size: large;\">\u00ab\u00a0Profiter de la vieillesse\u00a0? Est-ce que je n&rsquo;en profite pas, moi, lorsqu&rsquo;entre mes mains ravies, un gai luron de quatre kilos vient au monde sans d\u00e9chirer, sans m\u00eame \u00e9railler sa m\u00e8re, lorsqu&rsquo;\u00e0 soixante-et-onze ans je viens \u00e0 bout d&rsquo;un accouchement r\u00e9put\u00e9 d\u00e9licat, qui se d\u00e9noue sous mon regard dans la plus invraisemblable simplicit\u00e9\u00a0? &#8230;<br \/>\nAh, quand je vois na\u00eetre un bel enfant, je sais bien alors que je suis une femme, et je suis heureuse \u00e0 soulever la mer.\u00a0\u00bb<\/span><\/span><\/p>\n<p><span style=\"font-family: Arial, sans-serif;\"><span style=\"font-size: large;\">Une vie consacr\u00e9e \u00e0 faire na\u00eetre \u00e0 domicile des centaines de b\u00e9b\u00e9s, \u00e0 soutenir les m\u00e8res, les \u00e9pauler, avec empathie, patience, comp\u00e9tence&#8230; C&rsquo;est la vie de Marie-No\u00eblle Bat, qui a exerc\u00e9 son m\u00e9tier de sage-femme d&rsquo;un coin \u00e0 l&rsquo;autre de l&rsquo;Ard\u00e8che et m\u00eame au-del\u00e0, \u00e0 n&rsquo;importe quelle heure du jour et de la nuit&#8230; Surtout de la nuit&#8230; Toujours disponible, sans jamais renoncer, sans jamais se lasser<\/span><\/span><\/p>\n<p>&nbsp;<\/p>\n<p><span style=\"font-family: Arial, sans-serif;\"><span style=\"font-size: large;\"><b>Film<\/b><\/span><\/span><\/p>\n<p><span style=\"font-family: Arial, sans-serif;\"><span style=\"font-size: large;\"><span style=\"color: #000000;\"><i><b><a href=\"https:\/\/www.brenne-au-coeur.com\/wp-content\/uploads\/2022\/07\/le-redoutable.jpg\" rel=\"lightbox[2083]\"><img loading=\"lazy\" decoding=\"async\" class=\"alignright wp-image-2091 size-medium\" src=\"https:\/\/www.brenne-au-coeur.com\/wp-content\/uploads\/2022\/07\/le-redoutable-221x300.jpg\" alt=\"\" width=\"221\" height=\"300\" srcset=\"https:\/\/www.brenne-au-coeur.com\/wp-content\/uploads\/2022\/07\/le-redoutable-221x300.jpg 221w, https:\/\/www.brenne-au-coeur.com\/wp-content\/uploads\/2022\/07\/le-redoutable.jpg 310w\" sizes=\"auto, (max-width: 221px) 100vw, 221px\" \/><\/a>Le Redoutable<\/b><\/i><\/span> <\/span><\/span><\/p>\n<p><span style=\"font-family: Arial, sans-serif;\"><span style=\"font-size: large;\"><b>Michel Hazanavicius<\/b><b> <\/b><\/span><\/span><\/p>\n<p><span style=\"font-family: Arial, sans-serif;\"><span style=\"font-size: large;\">Il s&rsquo;agit de l\u2019adaptation du livre <i>Un an apr\u00e8s<\/i> d<b>\u2019Anne Wiazemsky,<\/b> paru en 2015. Il s&rsquo;agit d&rsquo;un film biographique,sorti en 2017, sur <b>Jean-Luc <\/b><b>Godard<\/b> (incarn\u00e9 par <b>Louis Garrel<\/b>) centr\u00e9 sur la p\u00e9riode entre 1967 \u00e0 1969 et sa relation avec son \u00e9pouse <b>Anne Wiazemsky.<\/b> <\/span><\/span><\/p>\n<p><span style=\"color: #000000;\"><span style=\"font-family: Arial, sans-serif;\"><span style=\"font-size: large;\">Film\u00a0de la BDI, actuellement \u00e0 la M\u00e9diath\u00e8que de M\u00e9zi\u00e8res.<\/span><\/span><\/span><\/p>\n","protected":false},"excerpt":{"rendered":"<p>\u00a0 La derni\u00e8re r\u00e9union du club de lecture de M\u00e9zi\u00e8res, a \u00e9t\u00e9 marqu\u00e9e, pour l\u2019essentiel, par la pr\u00e9sentation de nombreux livres racontant des histoires de femmes. Solange Sand. L\u2019ange d\u00e9chu. Christophe Grandemange. Biographie. 2017. Editeur\u00a0: La gare des mots. 253 pages. Livre de la BDI, actuellement \u00e0 M\u00e9zi\u00e8res. \u00ab\u00a0L\u2019auteur a r\u00e9cemment pr\u00e9sent\u00e9, \u00e0 la m\u00e9diath\u00e8que&hellip;&nbsp;<a href=\"https:\/\/www.brenne-au-coeur.com\/index.php\/2022\/07\/10\/histoires-de-femmes\/communes\/mezieres-en-brenne\/2083\/\" rel=\"bookmark\">Lire la suite&nbsp;&raquo;<span class=\"screen-reader-text\">Histoires de femmes<\/span><\/a><\/p>\n","protected":false},"author":1,"featured_media":2089,"comment_status":"open","ping_status":"open","sticky":false,"template":"","format":"standard","meta":{"rop_custom_images_group":[],"rop_custom_messages_group":[],"rop_publish_now":"initial","rop_publish_now_accounts":[],"rop_publish_now_history":[],"rop_publish_now_status":"pending","_monsterinsights_skip_tracking":false,"_monsterinsights_sitenote_active":false,"_monsterinsights_sitenote_note":"","_monsterinsights_sitenote_category":0,"neve_meta_sidebar":"","neve_meta_container":"","neve_meta_enable_content_width":"off","neve_meta_content_width":70,"neve_meta_title_alignment":"","neve_meta_author_avatar":"","neve_post_elements_order":"","neve_meta_disable_header":"","neve_meta_disable_footer":"","neve_meta_disable_title":"","_jetpack_memberships_contains_paid_content":false,"footnotes":"","jetpack_publicize_message":"","jetpack_publicize_feature_enabled":true,"jetpack_social_post_already_shared":false,"jetpack_social_options":{"image_generator_settings":{"template":"highway","default_image_id":0,"font":"","enabled":false},"version":2}},"categories":[70,59,12],"tags":[47,49,39],"class_list":["post-2083","post","type-post","status-publish","format-standard","has-post-thumbnail","hentry","category-a-lire","category-mediatheque","category-mezieres-en-brenne","tag-cinema","tag-histoire","tag-litterature"],"aioseo_notices":[],"jetpack_publicize_connections":[],"jetpack_featured_media_url":"https:\/\/www.brenne-au-coeur.com\/wp-content\/uploads\/2022\/07\/adieu-kharkov.jpg","jetpack-related-posts":[],"jetpack_sharing_enabled":true,"_links":{"self":[{"href":"https:\/\/www.brenne-au-coeur.com\/index.php\/wp-json\/wp\/v2\/posts\/2083","targetHints":{"allow":["GET"]}}],"collection":[{"href":"https:\/\/www.brenne-au-coeur.com\/index.php\/wp-json\/wp\/v2\/posts"}],"about":[{"href":"https:\/\/www.brenne-au-coeur.com\/index.php\/wp-json\/wp\/v2\/types\/post"}],"author":[{"embeddable":true,"href":"https:\/\/www.brenne-au-coeur.com\/index.php\/wp-json\/wp\/v2\/users\/1"}],"replies":[{"embeddable":true,"href":"https:\/\/www.brenne-au-coeur.com\/index.php\/wp-json\/wp\/v2\/comments?post=2083"}],"version-history":[{"count":3,"href":"https:\/\/www.brenne-au-coeur.com\/index.php\/wp-json\/wp\/v2\/posts\/2083\/revisions"}],"predecessor-version":[{"id":2096,"href":"https:\/\/www.brenne-au-coeur.com\/index.php\/wp-json\/wp\/v2\/posts\/2083\/revisions\/2096"}],"wp:featuredmedia":[{"embeddable":true,"href":"https:\/\/www.brenne-au-coeur.com\/index.php\/wp-json\/wp\/v2\/media\/2089"}],"wp:attachment":[{"href":"https:\/\/www.brenne-au-coeur.com\/index.php\/wp-json\/wp\/v2\/media?parent=2083"}],"wp:term":[{"taxonomy":"category","embeddable":true,"href":"https:\/\/www.brenne-au-coeur.com\/index.php\/wp-json\/wp\/v2\/categories?post=2083"},{"taxonomy":"post_tag","embeddable":true,"href":"https:\/\/www.brenne-au-coeur.com\/index.php\/wp-json\/wp\/v2\/tags?post=2083"}],"curies":[{"name":"wp","href":"https:\/\/api.w.org\/{rel}","templated":true}]}}