{"id":2063,"date":"2022-07-08T10:41:46","date_gmt":"2022-07-08T08:41:46","guid":{"rendered":"https:\/\/www.brenne-au-coeur.com\/?p=2063"},"modified":"2022-07-09T17:42:00","modified_gmt":"2022-07-09T15:42:00","slug":"la-brenne-en-peinture","status":"publish","type":"post","link":"https:\/\/www.brenne-au-coeur.com\/index.php\/2022\/07\/08\/la-brenne-en-peinture\/communes\/2063\/","title":{"rendered":"La Brenne en peinture"},"content":{"rendered":"<p><span style=\"font-size: large;\">Le Moulin de M\u00e9zi\u00e8res accueille jusqu\u2019au 4 ao\u00fbt, le 36<sup>e<\/sup> salon des peintres de la Brenne. Rendez-vous d\u00e9sormais incontournable pour nombre d\u2019artistes, inspir\u00e9s par les paysages de la r\u00e9gion aux mille \u00e9tangs. Chaque ann\u00e9e, ils viennent ou reviennent accrocher leurs toiles. Pour cette \u00e9dition 2022, ils sont sept \u00e0 exposer leurs peintures. Chacun \u00e0 sa fa\u00e7on, avec son style, sa personnalit\u00e9, sa technique, t\u00e9moigne de la passion qu\u2019il ou elle ressent pour la nature brennouse. <\/span><\/p>\n<p><span style=\"font-size: large;\">La part belle, est naturellement faite aux \u00e9tangs et \u00e0 leurs c\u00e9l\u00e8bres bondes, souvent en premier plan, comme sur les tableaux de Patrick Le Magueresse. Champs et sous-bois reprennent vie sous les pinceeaux de Roselyne Souverain, tandis que Micha\u00ebl Growcot trace avec une pr\u00e9cision quasi-photographique, les contours des maisons et des villages. M\u00eame nature, mais atmosph\u00e8re diff\u00e9rente, entre l\u2019ambiance bleut\u00e9e des vues de Violette Bord, les tons pass\u00e9s par petites touches d\u00e9licates de Christine Foulquier-Massonet, et les couleurs plus fortes, plus marqu\u00e9es de Jean-Luc Vincent. De son c\u00f4t\u00e9, Andr\u00e9 Audebert se consacre aux composition florale et aux natures mortes.<\/span><\/p>\n<p><span style=\"font-size: large;\">Gr\u00e2ce aux talents de tous ces artistes, l\u2019association <a href=\"http:\/\/www.gite-moulin.fr\/\">Le Moulin<\/a> offre une jolie petite promenade au coeur de notre belle contr\u00e9e. <\/span><\/p>\n<figure id=\"attachment_2069\" aria-describedby=\"caption-attachment-2069\" style=\"width: 300px\" class=\"wp-caption alignleft\"><a href=\"https:\/\/www.brenne-au-coeur.com\/wp-content\/uploads\/2022\/07\/IMG_8047.resized.jpg\" rel=\"lightbox[2063]\"><img loading=\"lazy\" decoding=\"async\" class=\"wp-image-2069 size-medium\" src=\"https:\/\/www.brenne-au-coeur.com\/wp-content\/uploads\/2022\/07\/IMG_8047.resized-300x200.jpg\" alt=\"\" width=\"300\" height=\"200\" srcset=\"https:\/\/www.brenne-au-coeur.com\/wp-content\/uploads\/2022\/07\/IMG_8047.resized-300x200.jpg 300w, https:\/\/www.brenne-au-coeur.com\/wp-content\/uploads\/2022\/07\/IMG_8047.resized-272x182.jpg 272w, https:\/\/www.brenne-au-coeur.com\/wp-content\/uploads\/2022\/07\/IMG_8047.resized.jpg 400w\" sizes=\"auto, (max-width: 300px) 100vw, 300px\" \/><\/a><figcaption id=\"caption-attachment-2069\" class=\"wp-caption-text\">\u00ab\u00a0Cucurbitac\u00e9\u00a0\u00bb de Andr\u00e9 Audebert<\/figcaption><\/figure>\n<p><span style=\"font-size: large;\">Andr\u00e9 Audebert<\/span><\/p>\n<p><span style=\"font-size: large;\">Attir\u00e9 tr\u00e8s jeune par la peinture, il suit le soir, des cours de l\u2019\u00e9cole municipale des beaux arts. Mais il d\u00e9laisse cependant cette pratique artistique durant plusieurs d\u00e9cennies. Il y revient apr\u00e8s 40 ans d\u2019interruption, suite \u00e0 la rencontre fortuite d\u2019un pastelliste. Il reprend des cours de pastel. Gr\u00e2ce \u00e0 cette technique, il r\u00e9alise principalement, des natures mortes et des tableaux de fleurs.<\/span><\/p>\n<p>&nbsp;<\/p>\n<figure id=\"attachment_2066\" aria-describedby=\"caption-attachment-2066\" style=\"width: 300px\" class=\"wp-caption alignright\"><a href=\"https:\/\/www.brenne-au-coeur.com\/wp-content\/uploads\/2022\/07\/IMG_8043.resized.jpg\" rel=\"lightbox[2063]\"><img loading=\"lazy\" decoding=\"async\" class=\"wp-image-2066 size-medium\" src=\"https:\/\/www.brenne-au-coeur.com\/wp-content\/uploads\/2022\/07\/IMG_8043.resized-300x200.jpg\" alt=\"\" width=\"300\" height=\"200\" srcset=\"https:\/\/www.brenne-au-coeur.com\/wp-content\/uploads\/2022\/07\/IMG_8043.resized-300x200.jpg 300w, https:\/\/www.brenne-au-coeur.com\/wp-content\/uploads\/2022\/07\/IMG_8043.resized-272x182.jpg 272w, https:\/\/www.brenne-au-coeur.com\/wp-content\/uploads\/2022\/07\/IMG_8043.resized.jpg 400w\" sizes=\"auto, (max-width: 300px) 100vw, 300px\" \/><\/a><figcaption id=\"caption-attachment-2066\" class=\"wp-caption-text\">\u00ab\u00a0Reflets de Brenne\u00a0\u00bb de Violette Bord<\/figcaption><\/figure>\n<p><span style=\"font-size: large;\">Violette Bord<\/span><\/p>\n<p><span style=\"font-size: large;\">Adepte des arts vivants, elle \u00e9crit, joue, fabrique d\u00e9cors et marionnettes. Elle r\u00e9alise des spectacles alliant jeu d\u2019acteur, clown, marionnettes et musique. En 2005, elle s\u2019installe \u00e0 Fresselines, dans la Creuse voisine, sur les traces des artistes talentueux de la vall\u00e9e des peintres de la Creuse. Apr\u00e8s l\u2019interruption due au Coronavirus, elle reprend ses pinceaux pour cr\u00e9er des toiles, principalement \u00e0 l\u2019huile.<\/span><\/p>\n<figure id=\"attachment_2071\" aria-describedby=\"caption-attachment-2071\" style=\"width: 178px\" class=\"wp-caption alignleft\"><a href=\"https:\/\/www.brenne-au-coeur.com\/wp-content\/uploads\/2022\/07\/IMG_8049.resized-rotated.jpg\" rel=\"lightbox[2063]\"><img loading=\"lazy\" decoding=\"async\" class=\"wp-image-2071\" src=\"https:\/\/www.brenne-au-coeur.com\/wp-content\/uploads\/2022\/07\/IMG_8049.resized-200x300.jpg\" alt=\"\" width=\"178\" height=\"268\" srcset=\"https:\/\/www.brenne-au-coeur.com\/wp-content\/uploads\/2022\/07\/IMG_8049.resized-200x300.jpg 200w, https:\/\/www.brenne-au-coeur.com\/wp-content\/uploads\/2022\/07\/IMG_8049.resized-rotated.jpg 266w\" sizes=\"auto, (max-width: 178px) 100vw, 178px\" \/><\/a><figcaption id=\"caption-attachment-2071\" class=\"wp-caption-text\">\u00ab\u00a0Au Bouchet\u00a0\u00bb de Christine Foulquier-Masson<\/figcaption><\/figure>\n<p><span style=\"font-size: large;\">Christine Foulquier-Masson<\/span><\/p>\n<p><span style=\"font-size: large;\">Originaire d\u2019Orl\u00e9ans, cette autodidacte a suivi dans les ann\u00e9es 1980, des cours pour amateurs \u00e0 l\u2019\u00e9cole des beaux arts de sa ville. Son grand plaisir, peindre des paysages&nbsp;! Elle d\u00e9couvre la Brenne et le charme de sa nature. Touch\u00e9e par le calme, la beaut\u00e9 des couleurs, elle profite de sa retraite pour se consacrer davantage \u00e0 sa passion. Sa technique pr\u00e9f\u00e9r\u00e9e est l\u2019aquarelle.<\/span><\/p>\n<p>&nbsp;<\/p>\n<p>&nbsp;<\/p>\n<p>Micha\u00ebl Growcott<\/p>\n<figure id=\"attachment_2067\" aria-describedby=\"caption-attachment-2067\" style=\"width: 300px\" class=\"wp-caption alignright\"><a href=\"https:\/\/www.brenne-au-coeur.com\/wp-content\/uploads\/2022\/07\/IMG_8044.resized.jpg\" rel=\"lightbox[2063]\"><img loading=\"lazy\" decoding=\"async\" class=\"wp-image-2067 size-medium\" src=\"https:\/\/www.brenne-au-coeur.com\/wp-content\/uploads\/2022\/07\/IMG_8044.resized-300x200.jpg\" alt=\"\" width=\"300\" height=\"200\" srcset=\"https:\/\/www.brenne-au-coeur.com\/wp-content\/uploads\/2022\/07\/IMG_8044.resized-300x200.jpg 300w, https:\/\/www.brenne-au-coeur.com\/wp-content\/uploads\/2022\/07\/IMG_8044.resized-272x182.jpg 272w, https:\/\/www.brenne-au-coeur.com\/wp-content\/uploads\/2022\/07\/IMG_8044.resized.jpg 400w\" sizes=\"auto, (max-width: 300px) 100vw, 300px\" \/><\/a><figcaption id=\"caption-attachment-2067\" class=\"wp-caption-text\">\u00ab\u00a0Gabriau\u00a0\u00bb de Micha\u00ebl Growcott<span style=\"font-size: large;\"> <br \/><\/span><\/figcaption><\/figure>\n<p><span style=\"font-size: large;\">Ce citoyen britannique, vit avec son \u00e9pouse, dans la Brenne, depuis plusieurs ann\u00e9es. \u00c0 l\u2019aide d\u2019ouvrages, il s\u2019est lanc\u00e9 dans l\u2019exploration de ce m\u00e9dium qu\u2019est l\u2019aquarelle. Il reproduit par des traits de grande finesse, son environnement. Les toiles pr\u00e9sent\u00e9es \u00e0 l\u2019exposition repr\u00e9sentent pour l\u2019essentiel, des maisons typiques berrichonnes.<\/span><\/p>\n<p>&nbsp;<\/p>\n<p>&nbsp;<\/p>\n<figure id=\"attachment_2070\" aria-describedby=\"caption-attachment-2070\" style=\"width: 300px\" class=\"wp-caption alignleft\"><a href=\"https:\/\/www.brenne-au-coeur.com\/wp-content\/uploads\/2022\/07\/IMG_8048.resized.jpg\" rel=\"lightbox[2063]\"><img loading=\"lazy\" decoding=\"async\" class=\"wp-image-2070 size-medium\" src=\"https:\/\/www.brenne-au-coeur.com\/wp-content\/uploads\/2022\/07\/IMG_8048.resized-300x200.jpg\" alt=\"\" width=\"300\" height=\"200\" srcset=\"https:\/\/www.brenne-au-coeur.com\/wp-content\/uploads\/2022\/07\/IMG_8048.resized-300x200.jpg 300w, https:\/\/www.brenne-au-coeur.com\/wp-content\/uploads\/2022\/07\/IMG_8048.resized-272x182.jpg 272w, https:\/\/www.brenne-au-coeur.com\/wp-content\/uploads\/2022\/07\/IMG_8048.resized.jpg 400w\" sizes=\"auto, (max-width: 300px) 100vw, 300px\" \/><\/a><figcaption id=\"caption-attachment-2070\" class=\"wp-caption-text\">\u00ab\u00a0Roseli\u00e8re I\u00a0\u00bb de Patrick Le Margueresse<\/figcaption><\/figure>\n<p><span style=\"font-size: large;\">Patrick Le Maguerresse<\/span><\/p>\n<p><span style=\"font-size: large;\">Ouvert \u00e0 diverses activit\u00e9s artistiques, qu\u2019il m\u00e8ne conjointement \u00e0 sa vie professionnelle. Il \u00e9crit po\u00e8mes, romans et nouvelles depuis sa tendre jeunesse. Vers l\u2019\u00e2ge de 30 ans, la peinture s\u2019impose \u00e0 lui comme une \u00e9vidence. Il se qualifie plut\u00f4t de paysagiste. Son souhait&nbsp;! Faire ressentir l\u2019ambiance des lieux qu\u2019il a choisi de traiter sur des toiles \u00e0 l\u2019huile ou au pastel.<\/span><\/p>\n<p>&nbsp;<\/p>\n<p>Roselyne Souverain<\/p>\n<figure id=\"attachment_2068\" aria-describedby=\"caption-attachment-2068\" style=\"width: 200px\" class=\"wp-caption alignright\"><a href=\"https:\/\/www.brenne-au-coeur.com\/wp-content\/uploads\/2022\/07\/IMG_8045.resized-rotated.jpg\" rel=\"lightbox[2063]\"><img loading=\"lazy\" decoding=\"async\" class=\"wp-image-2068 size-medium\" src=\"https:\/\/www.brenne-au-coeur.com\/wp-content\/uploads\/2022\/07\/IMG_8045.resized-200x300.jpg\" alt=\"\" width=\"200\" height=\"300\" srcset=\"https:\/\/www.brenne-au-coeur.com\/wp-content\/uploads\/2022\/07\/IMG_8045.resized-200x300.jpg 200w, https:\/\/www.brenne-au-coeur.com\/wp-content\/uploads\/2022\/07\/IMG_8045.resized-rotated.jpg 266w\" sizes=\"auto, (max-width: 200px) 100vw, 200px\" \/><\/a><figcaption id=\"caption-attachment-2068\" class=\"wp-caption-text\">\u00ab\u00a0Le ch\u00eane de la Mer Rouge\u00a0\u00bb de Roselyne Souverain<\/figcaption><\/figure>\n<p><span style=\"font-size: large;\">N\u00e9e \u00e0 Sainte-Gemme, elle a d\u2019abord exerc\u00e9 son m\u00e9tier d\u2019infirmi\u00e8re \u00e0 Buzan\u00e7ais, puis dans la Dr\u00f4me. Attir\u00e9e depuis toujours par l\u2019art pictural, elle a commenc\u00e9 \u00e0 suivre des cours au Blanc dans les ann\u00e9es 1980. En retraite, elle peint et participe \u00e0 plusieurs expositions collectives, aussi bien dans la Dr\u00f4me que dans l\u2019Indre. <\/span><\/p>\n<p>&nbsp;<\/p>\n<p>&nbsp;<\/p>\n<p>&nbsp;<\/p>\n<p>&nbsp;<\/p>\n<figure id=\"attachment_2065\" aria-describedby=\"caption-attachment-2065\" style=\"width: 300px\" class=\"wp-caption alignleft\"><a href=\"https:\/\/www.brenne-au-coeur.com\/wp-content\/uploads\/2022\/07\/IMG_8042.resized.jpg\" rel=\"lightbox[2063]\"><img loading=\"lazy\" decoding=\"async\" class=\"wp-image-2065 size-medium\" src=\"https:\/\/www.brenne-au-coeur.com\/wp-content\/uploads\/2022\/07\/IMG_8042.resized-300x200.jpg\" alt=\"\" width=\"300\" height=\"200\" srcset=\"https:\/\/www.brenne-au-coeur.com\/wp-content\/uploads\/2022\/07\/IMG_8042.resized-300x200.jpg 300w, https:\/\/www.brenne-au-coeur.com\/wp-content\/uploads\/2022\/07\/IMG_8042.resized-272x182.jpg 272w, https:\/\/www.brenne-au-coeur.com\/wp-content\/uploads\/2022\/07\/IMG_8042.resized.jpg 400w\" sizes=\"auto, (max-width: 300px) 100vw, 300px\" \/><\/a><figcaption id=\"caption-attachment-2065\" class=\"wp-caption-text\">\u00ab\u00a0\u00c9tang Renard\u00a0\u00bb de Jean-Luc Vincent<\/figcaption><\/figure>\n<p>Jean-Luc Vincent<\/p>\n<p>Enfant de la Brenne, il parcourt d\u00e8s son plus jeune \u00e2ge, les sentiers et les routes \u00e0 la recherche des beaux paysages, des lumi\u00e8res et couleurs changeantes. Au plaisir de la balade et de l\u2019observation, il associe celui du dessin et de la peinture. Retrait\u00e9 depuis peu, il s\u2019adonne \u00e0 sa passion et r\u00e9alise de nombreuses aquarelles comme un hommage \u00e0 la beaut\u00e9 du monde qui nous entoure.<\/p>\n<p>&nbsp;<\/p>\n<p>Dans le cadre de cette exposition, plusieurs r\u00e9compenses ont \u00e9t\u00e9 attribu\u00e9es&nbsp;: Prix du Moulin \u00e0 Micha\u00ebl Growcott&nbsp;; Prix de la municipalit\u00e9 \u00e0 Andr\u00e9 Audebert et Prix du Conseil D\u00e9partemental \u00e0 Violette Bord.<\/p>\n","protected":false},"excerpt":{"rendered":"<p>Le Moulin de M\u00e9zi\u00e8res accueille jusqu\u2019au 4 ao\u00fbt, le 36e salon des peintres de la Brenne. Rendez-vous d\u00e9sormais incontournable pour nombre d\u2019artistes, inspir\u00e9s par les paysages de la r\u00e9gion aux mille \u00e9tangs. Chaque ann\u00e9e, ils viennent ou reviennent accrocher leurs toiles. Pour cette \u00e9dition 2022, ils sont sept \u00e0 exposer leurs peintures. Chacun \u00e0 sa&hellip;&nbsp;<a href=\"https:\/\/www.brenne-au-coeur.com\/index.php\/2022\/07\/08\/la-brenne-en-peinture\/communes\/2063\/\" rel=\"bookmark\">Lire la suite&nbsp;&raquo;<span class=\"screen-reader-text\">La Brenne en peinture<\/span><\/a><\/p>\n","protected":false},"author":1,"featured_media":2068,"comment_status":"open","ping_status":"open","sticky":false,"template":"","format":"standard","meta":{"rop_custom_images_group":[],"rop_custom_messages_group":[],"rop_publish_now":"initial","rop_publish_now_accounts":[],"rop_publish_now_history":[],"rop_publish_now_status":"pending","_monsterinsights_skip_tracking":false,"_monsterinsights_sitenote_active":false,"_monsterinsights_sitenote_note":"","_monsterinsights_sitenote_category":0,"neve_meta_sidebar":"","neve_meta_container":"","neve_meta_enable_content_width":"off","neve_meta_content_width":70,"neve_meta_title_alignment":"","neve_meta_author_avatar":"","neve_post_elements_order":"","neve_meta_disable_header":"","neve_meta_disable_footer":"","neve_meta_disable_title":"","_jetpack_memberships_contains_paid_content":false,"footnotes":"","jetpack_publicize_message":"","jetpack_publicize_feature_enabled":true,"jetpack_social_post_already_shared":false,"jetpack_social_options":{"image_generator_settings":{"template":"highway","default_image_id":0,"font":"","enabled":false},"version":2}},"categories":[8,12,54],"tags":[52,46],"class_list":["post-2063","post","type-post","status-publish","format-standard","has-post-thumbnail","hentry","category-communes","category-mezieres-en-brenne","category-moulin","tag-exposition","tag-peinture"],"aioseo_notices":[],"jetpack_publicize_connections":[],"jetpack_featured_media_url":"https:\/\/www.brenne-au-coeur.com\/wp-content\/uploads\/2022\/07\/IMG_8045.resized-rotated.jpg","jetpack-related-posts":[],"jetpack_sharing_enabled":true,"_links":{"self":[{"href":"https:\/\/www.brenne-au-coeur.com\/index.php\/wp-json\/wp\/v2\/posts\/2063","targetHints":{"allow":["GET"]}}],"collection":[{"href":"https:\/\/www.brenne-au-coeur.com\/index.php\/wp-json\/wp\/v2\/posts"}],"about":[{"href":"https:\/\/www.brenne-au-coeur.com\/index.php\/wp-json\/wp\/v2\/types\/post"}],"author":[{"embeddable":true,"href":"https:\/\/www.brenne-au-coeur.com\/index.php\/wp-json\/wp\/v2\/users\/1"}],"replies":[{"embeddable":true,"href":"https:\/\/www.brenne-au-coeur.com\/index.php\/wp-json\/wp\/v2\/comments?post=2063"}],"version-history":[{"count":7,"href":"https:\/\/www.brenne-au-coeur.com\/index.php\/wp-json\/wp\/v2\/posts\/2063\/revisions"}],"predecessor-version":[{"id":2081,"href":"https:\/\/www.brenne-au-coeur.com\/index.php\/wp-json\/wp\/v2\/posts\/2063\/revisions\/2081"}],"wp:featuredmedia":[{"embeddable":true,"href":"https:\/\/www.brenne-au-coeur.com\/index.php\/wp-json\/wp\/v2\/media\/2068"}],"wp:attachment":[{"href":"https:\/\/www.brenne-au-coeur.com\/index.php\/wp-json\/wp\/v2\/media?parent=2063"}],"wp:term":[{"taxonomy":"category","embeddable":true,"href":"https:\/\/www.brenne-au-coeur.com\/index.php\/wp-json\/wp\/v2\/categories?post=2063"},{"taxonomy":"post_tag","embeddable":true,"href":"https:\/\/www.brenne-au-coeur.com\/index.php\/wp-json\/wp\/v2\/tags?post=2063"}],"curies":[{"name":"wp","href":"https:\/\/api.w.org\/{rel}","templated":true}]}}