{"id":1988,"date":"2022-06-11T19:39:56","date_gmt":"2022-06-11T17:39:56","guid":{"rendered":"https:\/\/www.brenne-au-coeur.com\/?p=1988"},"modified":"2022-06-13T10:10:58","modified_gmt":"2022-06-13T08:10:58","slug":"marche-gourmande-a-sainte-gemme","status":"publish","type":"post","link":"https:\/\/www.brenne-au-coeur.com\/index.php\/2022\/06\/11\/marche-gourmande-a-sainte-gemme\/communes\/sainte-gemme\/1988\/","title":{"rendered":"Marche gourmande \u00e0 Sainte-Gemme"},"content":{"rendered":"<figure id=\"attachment_1989\" aria-describedby=\"caption-attachment-1989\" style=\"width: 300px\" class=\"wp-caption alignleft\"><a href=\"https:\/\/www.brenne-au-coeur.com\/wp-content\/uploads\/2022\/06\/marche-gourmande.jpeg\" rel=\"lightbox[1988]\"><img loading=\"lazy\" decoding=\"async\" class=\"wp-image-1989 size-medium\" src=\"https:\/\/www.brenne-au-coeur.com\/wp-content\/uploads\/2022\/06\/marche-gourmande-300x158.jpeg\" alt=\"\" width=\"300\" height=\"158\" srcset=\"https:\/\/www.brenne-au-coeur.com\/wp-content\/uploads\/2022\/06\/marche-gourmande-300x158.jpeg 300w, https:\/\/www.brenne-au-coeur.com\/wp-content\/uploads\/2022\/06\/marche-gourmande.jpeg 310w\" sizes=\"auto, (max-width: 300px) 100vw, 300px\" \/><\/a><figcaption id=\"caption-attachment-1989\" class=\"wp-caption-text\">Restauration et d\u00e9couverte des r\u00e9gions au programme des marches gourmandes<\/figcaption><\/figure>\n<p><span style=\"font-size: large;\">Dimanche 26 juin, l\u2019association <i>\u00ab\u00a0<a href=\"https:\/\/assoce.fr\/waldec\/W361000330\/ANCIENS-ELEVES-ET-AMIS-DE-L-ECOLE-DE-STE-GEMME\">les anciens \u00e9l\u00e8ves et amis de l\u2019\u00e9cole de Sainte-Gemme<\/a>\u00a0\u00bb <\/i>organise sa premi\u00e8re Marche Gourmande\u00a0: 10 km jalonn\u00e9s de quatre \u00e9tapes d\u00e9gustation, histoire de marier plaisir de la table et randonn\u00e9e au coeur de la nature.<\/span><\/p>\n<p><span style=\"font-size: large;\">Le d\u00e9part s\u2019effectuera toutes les quinze minutes (de 11h30 \u00e012h30) de la place de l\u2019\u00e9glise de <a href=\"https:\/\/www.brenne-au-coeur.com\/index.php\/sainte-gemme\/\">Sainte-Gemme<\/a>. <i>\u00ab\u00a0Nous aviserons concr\u00e8tement sur le nombre de <\/i><i>marcheurs,<\/i><i> \u00e0 chaque groupe, en fonction de la participation. L\u2019id\u00e9e est d\u2019\u00e9viter un afflux trop important aux \u00e9tapes. Nous souhaitons assurer une certaine fluidit\u00e9 dans le d\u00e9roulement de la marche\u00a0\u00bb<\/i>, explique Dominique Ballaire, le pr\u00e9sident de l\u2019association. Car le principe est d\u2019offrir de r\u00e9els \u00e9tapes d\u00e9gustation. L\u2019objectif n\u2019est pas de mettre en place de rapides arr\u00eats casse-cro\u00fbte. Les marcheuses et marcheurs auront \u00e0 leur dispositions, des places assises, et abrit\u00e9es des \u00e9ventuels intemp\u00e9ries. Ils pourront prendre leur temps pour se restaurer avec les produits des commer\u00e7ants du cru. Plusieurs choix de hors d\u2019oeuvre, de plats ou de dessert, seront propos\u00e9s \u00e0 chaque halte, dispos\u00e9e environ tous les deux kilom\u00e8tres<\/span><\/p>\n<figure id=\"attachment_1382\" aria-describedby=\"caption-attachment-1382\" style=\"width: 300px\" class=\"wp-caption alignright\"><a href=\"https:\/\/www.brenne-au-coeur.com\/wp-content\/uploads\/2022\/04\/rock-et-brocante-a-saite-gemme.resized.jpg\" rel=\"lightbox[1988]\"><img loading=\"lazy\" decoding=\"async\" class=\"wp-image-1382 size-medium\" src=\"https:\/\/www.brenne-au-coeur.com\/wp-content\/uploads\/2022\/04\/rock-et-brocante-a-saite-gemme.resized-300x225.jpg\" alt=\"\" width=\"300\" height=\"225\" srcset=\"https:\/\/www.brenne-au-coeur.com\/wp-content\/uploads\/2022\/04\/rock-et-brocante-a-saite-gemme.resized-300x225.jpg 300w, https:\/\/www.brenne-au-coeur.com\/wp-content\/uploads\/2022\/04\/rock-et-brocante-a-saite-gemme.resized.jpg 403w\" sizes=\"auto, (max-width: 300px) 100vw, 300px\" \/><\/a><figcaption id=\"caption-attachment-1382\" class=\"wp-caption-text\">Le groupe Choron&rsquo;Co lors de la brocante du 24 avril<\/figcaption><\/figure>\n<p><span style=\"font-size: large;\">. Le ma\u00eetre mot de la journ\u00e9e\u00a0: savourer, les repas comme le parcours trac\u00e9 par des habitu\u00e9s des sentiers. <i>\u00ab\u00a0Une tr\u00e8s grande partie est arbor\u00e9e, <\/i><i>a proximit\u00e9 notamment des \u00e9tangs. C\u2019est une tr\u00e8s belle randonn\u00e9e\u00a0\u00bb<\/i>, assure Dominique Ballaire. L\u2019association de Sainte-Gemme se lance dans une activit\u00e9 qui se d\u00e9veloppe ces derni\u00e8res ann\u00e9es, aux quatre coins du pays. Un peu partout, sp\u00e9cialit\u00e9s culinaires et promenades sont associ\u00e9es, ajoutant une dose de convivialit\u00e9 aux randonn\u00e9es p\u00e9destres. Cr\u00e9er des \u00e9v\u00e9nements qui rapprochent les gens, c\u2019est bien ce qui guide l\u2019action des anciens \u00e9l\u00e8ves de Sainte-Gemme. L\u2019association relance les animations apr\u00e8s les difficult\u00e9s rencontr\u00e9es lors de la crise sanitaire. En avril, la brocante, malgr\u00e9 le mauvais temps a r\u00e9uni de nouveau, des gens sur la place de l\u2019\u00e9glise. Le 17 septembre, un voyage d\u2019une journ\u00e9e est d\u2019ores et d\u00e9j\u00e0 pr\u00e9vu. Un repas chaud sera organis\u00e9 \u00e0 la fin de l\u2019ann\u00e9e et l\u2019assembl\u00e9e g\u00e9n\u00e9rale du 9 d\u00e9cembre fixera le programme pour l\u2019an prochain. 2023 qui devrait voir la deuxi\u00e8me \u00e9dition de la marche gourmande. C\u2019est en tous cas l\u2019espoir des organisateurs. <i>\u00ab\u00a0Nous souhaitons tirer les enseignements de cette premi\u00e8re marche pour proposer une version encore plus attractive l\u2019ann\u00e9e prochaine\u00a0\u00bb<\/i>, annonce confiant Dominique Ballaire. <\/span><\/p>\n<p>&nbsp;<\/p>\n<p><span style=\"font-size: large;\"><i><b>Inscription avant le 17 juin. Adultes 18 \u20ac, enfants moins de 12 ans 8 \u20ac. <\/b><\/i><\/span><\/p>\n<p><span style=\"font-size: large;\"><i><b>Les bulletins sont \u00e0 d\u00e9poser \u00e0 la Mairie<\/b><\/i><\/span><\/p>\n<p><span style=\"font-size: large;\"><i><b>Renseignements 06 72 72 57 38 ou domsball@gmail.com<\/b><\/i><\/span><\/p>\n","protected":false},"excerpt":{"rendered":"<p>Dimanche 26 juin, l\u2019association \u00ab\u00a0les anciens \u00e9l\u00e8ves et amis de l\u2019\u00e9cole de Sainte-Gemme\u00a0\u00bb organise sa premi\u00e8re Marche Gourmande\u00a0: 10 km jalonn\u00e9s de quatre \u00e9tapes d\u00e9gustation, histoire de marier plaisir de la table et randonn\u00e9e au coeur de la nature. Le d\u00e9part s\u2019effectuera toutes les quinze minutes (de 11h30 \u00e012h30) de la place de l\u2019\u00e9glise de&hellip;&nbsp;<a href=\"https:\/\/www.brenne-au-coeur.com\/index.php\/2022\/06\/11\/marche-gourmande-a-sainte-gemme\/communes\/sainte-gemme\/1988\/\" rel=\"bookmark\">Lire la suite&nbsp;&raquo;<span class=\"screen-reader-text\">Marche gourmande \u00e0 Sainte-Gemme<\/span><\/a><\/p>\n","protected":false},"author":1,"featured_media":1989,"comment_status":"open","ping_status":"open","sticky":false,"template":"","format":"standard","meta":{"rop_custom_images_group":[],"rop_custom_messages_group":[],"rop_publish_now":"initial","rop_publish_now_accounts":[],"rop_publish_now_history":[],"rop_publish_now_status":"pending","_monsterinsights_skip_tracking":false,"_monsterinsights_sitenote_active":false,"_monsterinsights_sitenote_note":"","_monsterinsights_sitenote_category":0,"neve_meta_sidebar":"","neve_meta_container":"","neve_meta_enable_content_width":"off","neve_meta_content_width":70,"neve_meta_title_alignment":"","neve_meta_author_avatar":"","neve_post_elements_order":"","neve_meta_disable_header":"","neve_meta_disable_footer":"","neve_meta_disable_title":"","_jetpack_memberships_contains_paid_content":false,"footnotes":"","jetpack_publicize_message":"","jetpack_publicize_feature_enabled":true,"jetpack_social_post_already_shared":false,"jetpack_social_options":{"image_generator_settings":{"template":"highway","default_image_id":0,"font":"","enabled":false},"version":2}},"categories":[21,17],"tags":[31,93],"class_list":["post-1988","post","type-post","status-publish","format-standard","has-post-thumbnail","hentry","category-evenements","category-sainte-gemme","tag-associations","tag-randonnee"],"aioseo_notices":[],"jetpack_publicize_connections":[],"jetpack_featured_media_url":"https:\/\/www.brenne-au-coeur.com\/wp-content\/uploads\/2022\/06\/marche-gourmande.jpeg","jetpack-related-posts":[],"jetpack_sharing_enabled":true,"_links":{"self":[{"href":"https:\/\/www.brenne-au-coeur.com\/index.php\/wp-json\/wp\/v2\/posts\/1988","targetHints":{"allow":["GET"]}}],"collection":[{"href":"https:\/\/www.brenne-au-coeur.com\/index.php\/wp-json\/wp\/v2\/posts"}],"about":[{"href":"https:\/\/www.brenne-au-coeur.com\/index.php\/wp-json\/wp\/v2\/types\/post"}],"author":[{"embeddable":true,"href":"https:\/\/www.brenne-au-coeur.com\/index.php\/wp-json\/wp\/v2\/users\/1"}],"replies":[{"embeddable":true,"href":"https:\/\/www.brenne-au-coeur.com\/index.php\/wp-json\/wp\/v2\/comments?post=1988"}],"version-history":[{"count":3,"href":"https:\/\/www.brenne-au-coeur.com\/index.php\/wp-json\/wp\/v2\/posts\/1988\/revisions"}],"predecessor-version":[{"id":1992,"href":"https:\/\/www.brenne-au-coeur.com\/index.php\/wp-json\/wp\/v2\/posts\/1988\/revisions\/1992"}],"wp:featuredmedia":[{"embeddable":true,"href":"https:\/\/www.brenne-au-coeur.com\/index.php\/wp-json\/wp\/v2\/media\/1989"}],"wp:attachment":[{"href":"https:\/\/www.brenne-au-coeur.com\/index.php\/wp-json\/wp\/v2\/media?parent=1988"}],"wp:term":[{"taxonomy":"category","embeddable":true,"href":"https:\/\/www.brenne-au-coeur.com\/index.php\/wp-json\/wp\/v2\/categories?post=1988"},{"taxonomy":"post_tag","embeddable":true,"href":"https:\/\/www.brenne-au-coeur.com\/index.php\/wp-json\/wp\/v2\/tags?post=1988"}],"curies":[{"name":"wp","href":"https:\/\/api.w.org\/{rel}","templated":true}]}}