{"id":1934,"date":"2022-05-31T17:08:37","date_gmt":"2022-05-31T15:08:37","guid":{"rendered":"https:\/\/www.brenne-au-coeur.com\/?p=1934"},"modified":"2022-06-01T16:25:46","modified_gmt":"2022-06-01T14:25:46","slug":"le-nohant-festival-chopin-a-leglise-de-mezieres","status":"publish","type":"post","link":"https:\/\/www.brenne-au-coeur.com\/index.php\/2022\/05\/31\/le-nohant-festival-chopin-a-leglise-de-mezieres\/communes\/mezieres-en-brenne\/1934\/","title":{"rendered":"Le Nohant Festival Chopin \u00e0 l&rsquo;\u00e9glise de M\u00e9zi\u00e8res"},"content":{"rendered":"<p>Dimanche 5 juin \u00e0 17 heures, Le Nohant Festival Chopin propose son concert \u00ab\u00a0Hors les murs\u00a0\u00bb dans l\u2019\u00e9glise de M\u00e9zi\u00e8res. Au programme Beethoven, Brahms, Chopin et Scriabine.<\/p>\n<figure id=\"attachment_1935\" aria-describedby=\"caption-attachment-1935\" style=\"width: 275px\" class=\"wp-caption alignleft\"><a href=\"https:\/\/www.brenne-au-coeur.com\/wp-content\/uploads\/2022\/05\/Viktor-Soos.jpeg\" rel=\"lightbox[1934]\"><img loading=\"lazy\" decoding=\"async\" class=\"wp-image-1935 size-full\" src=\"https:\/\/www.brenne-au-coeur.com\/wp-content\/uploads\/2022\/05\/Viktor-Soos.jpeg\" alt=\"\" width=\"275\" height=\"183\" srcset=\"https:\/\/www.brenne-au-coeur.com\/wp-content\/uploads\/2022\/05\/Viktor-Soos.jpeg 275w, https:\/\/www.brenne-au-coeur.com\/wp-content\/uploads\/2022\/05\/Viktor-Soos-272x182.jpeg 272w\" sizes=\"auto, (max-width: 275px) 100vw, 275px\" \/><\/a><figcaption id=\"caption-attachment-1935\" class=\"wp-caption-text\">Viktor Soos<\/figcaption><\/figure>\n<p>Ces oeuvres seront interpr\u00e9t\u00e9es par le pianiste Viktor Soos, consid\u00e9r\u00e9 comme l&rsquo;un des musiciens les plus remarquables de sa g\u00e9n\u00e9ration.<br \/>\nIl est r\u00e9guli\u00e8rement invit\u00e9 dans de tr\u00e8s nombreux festivals.<br \/>\nDes tourn\u00e9es de concerts l&rsquo;ont men\u00e9 au Japon, aux \u00c9tats-Unis, en Russie<br \/>\net au Chili, entre autres.<br \/>\nEn tant que soliste, il s&rsquo;est produit avec des orchestres tels que la <a href=\"https:\/\/www.kammerphilharmonie.com\/en\/\">Deutsche Kammerphilharmonie Bremen<\/a>, le <a href=\"https:\/\/brandenburgertheater.de\/brandenburger-symphoniker\/\">Brandenburger Symphoniker<\/a>, la <a href=\"https:\/\/www.theaterluebeck.de\/seiten\/philharmonisches-orchester-der-hansestadt-luebeck.html\">Philharmonie de L\u00fcbeck<\/a> et la Staatskapelle Halle.<br \/>\nDes enregistrements radio sont r\u00e9guli\u00e8rement r\u00e9alis\u00e9s.<br \/>\nViktor Soos a re\u00e7u de nombreux prix lors de concours nationaux et internationaux. Il est le laur\u00e9at du Concours international Robert Schumann de cette ann\u00e9e \u00e0 Zwickau. En 2017, le Conseil allemand de la musique l&rsquo;a honor\u00e9 en tant que finaliste du Concours de musique allemand et l&rsquo;a inclus dans les concerts de s\u00e9lection f\u00e9d\u00e9rale pour jeunes artistes. Il a \u00e9galement re\u00e7u de nombreux prix sp\u00e9ciaux. En 2017, il a remport\u00e9 le concours de bourses YMFE Yamaha \u00e0 Rostock et le premier prix au concours Possehl \u00e0 L\u00fcbeck. Il a \u00e9t\u00e9 laur\u00e9at du Kissinger KlavierOlymp. En 2018, il a re\u00e7u le Steinway<br \/>\nClassical Prize.<br \/>\nEn 2016, il a re\u00e7u le deuxi\u00e8me prix du Grand Prix TONALi. En 2015, il a remport\u00e9 le premier prix du Concours international de piano du Rotary \u00e0 Essen.<br \/>\nIl a commenc\u00e9 son \u00e9ducation \u00e0 l&rsquo;\u00e2ge de six ans. A 13 ans, il re\u00e7oit des cours du pianiste et conf\u00e9rencier de Backnang Jochen Ferber. En 2014\/15, il \u00e9tait un jeune \u00e9tudiant \u00e0 l&rsquo;Universit\u00e9 de musique et des arts du spectacle de Francfort dans la classe de piano d&rsquo;Oliver Kern. De 2015 \u00e0 2021, il \u00e9tudie le piano avec Konrad Elser \u00e0 l&rsquo;Universit\u00e9 de musique de L\u00fcbeck. Viktor Soos \u00e9tudie \u00e0 l&rsquo;Universit\u00e9 de musique, de th\u00e9\u00e2tre et des m\u00e9dias de Hanovre depuis 2021 dans la classe de Bernd Goetzke.<\/p>\n<p><strong>L\u2019entr\u00e9e est gratuite avec libre participation du public<\/strong><\/p>\n","protected":false},"excerpt":{"rendered":"<p>Dimanche 5 juin \u00e0 17 heures, Le Nohant Festival Chopin propose son concert \u00ab\u00a0Hors les murs\u00a0\u00bb dans l\u2019\u00e9glise de M\u00e9zi\u00e8res. Au programme Beethoven, Brahms, Chopin et Scriabine. Ces oeuvres seront interpr\u00e9t\u00e9es par le pianiste Viktor Soos, consid\u00e9r\u00e9 comme l&rsquo;un des musiciens les plus remarquables de sa g\u00e9n\u00e9ration. Il est r\u00e9guli\u00e8rement invit\u00e9 dans de tr\u00e8s nombreux&hellip;&nbsp;<a href=\"https:\/\/www.brenne-au-coeur.com\/index.php\/2022\/05\/31\/le-nohant-festival-chopin-a-leglise-de-mezieres\/communes\/mezieres-en-brenne\/1934\/\" rel=\"bookmark\">Lire la suite&nbsp;&raquo;<span class=\"screen-reader-text\">Le Nohant Festival Chopin \u00e0 l&rsquo;\u00e9glise de M\u00e9zi\u00e8res<\/span><\/a><\/p>\n","protected":false},"author":1,"featured_media":1936,"comment_status":"open","ping_status":"open","sticky":false,"template":"","format":"standard","meta":{"rop_custom_images_group":[],"rop_custom_messages_group":[],"rop_publish_now":"initial","rop_publish_now_accounts":[],"rop_publish_now_history":[],"rop_publish_now_status":"pending","_monsterinsights_skip_tracking":false,"_monsterinsights_sitenote_active":false,"_monsterinsights_sitenote_note":"","_monsterinsights_sitenote_category":0,"neve_meta_sidebar":"","neve_meta_container":"","neve_meta_enable_content_width":"off","neve_meta_content_width":70,"neve_meta_title_alignment":"","neve_meta_author_avatar":"","neve_post_elements_order":"","neve_meta_disable_header":"","neve_meta_disable_footer":"","neve_meta_disable_title":"","_jetpack_memberships_contains_paid_content":false,"footnotes":"","jetpack_publicize_message":"","jetpack_publicize_feature_enabled":true,"jetpack_social_post_already_shared":true,"jetpack_social_options":{"image_generator_settings":{"template":"highway","default_image_id":0,"font":"","enabled":false},"version":2}},"categories":[92,12],"tags":[64],"class_list":["post-1934","post","type-post","status-publish","format-standard","has-post-thumbnail","hentry","category-eglise-de-mezieres-en-brenne","category-mezieres-en-brenne","tag-concert"],"aioseo_notices":[],"jetpack_publicize_connections":[],"jetpack_featured_media_url":"https:\/\/www.brenne-au-coeur.com\/wp-content\/uploads\/2022\/05\/Eglise-mezieres.jpeg","jetpack-related-posts":[],"jetpack_sharing_enabled":true,"_links":{"self":[{"href":"https:\/\/www.brenne-au-coeur.com\/index.php\/wp-json\/wp\/v2\/posts\/1934","targetHints":{"allow":["GET"]}}],"collection":[{"href":"https:\/\/www.brenne-au-coeur.com\/index.php\/wp-json\/wp\/v2\/posts"}],"about":[{"href":"https:\/\/www.brenne-au-coeur.com\/index.php\/wp-json\/wp\/v2\/types\/post"}],"author":[{"embeddable":true,"href":"https:\/\/www.brenne-au-coeur.com\/index.php\/wp-json\/wp\/v2\/users\/1"}],"replies":[{"embeddable":true,"href":"https:\/\/www.brenne-au-coeur.com\/index.php\/wp-json\/wp\/v2\/comments?post=1934"}],"version-history":[{"count":5,"href":"https:\/\/www.brenne-au-coeur.com\/index.php\/wp-json\/wp\/v2\/posts\/1934\/revisions"}],"predecessor-version":[{"id":1942,"href":"https:\/\/www.brenne-au-coeur.com\/index.php\/wp-json\/wp\/v2\/posts\/1934\/revisions\/1942"}],"wp:featuredmedia":[{"embeddable":true,"href":"https:\/\/www.brenne-au-coeur.com\/index.php\/wp-json\/wp\/v2\/media\/1936"}],"wp:attachment":[{"href":"https:\/\/www.brenne-au-coeur.com\/index.php\/wp-json\/wp\/v2\/media?parent=1934"}],"wp:term":[{"taxonomy":"category","embeddable":true,"href":"https:\/\/www.brenne-au-coeur.com\/index.php\/wp-json\/wp\/v2\/categories?post=1934"},{"taxonomy":"post_tag","embeddable":true,"href":"https:\/\/www.brenne-au-coeur.com\/index.php\/wp-json\/wp\/v2\/tags?post=1934"}],"curies":[{"name":"wp","href":"https:\/\/api.w.org\/{rel}","templated":true}]}}