{"id":1897,"date":"2022-05-20T18:36:20","date_gmt":"2022-05-20T16:36:20","guid":{"rendered":"https:\/\/www.brenne-au-coeur.com\/?p=1897"},"modified":"2022-05-20T21:06:22","modified_gmt":"2022-05-20T19:06:22","slug":"voyages-de-pages-en-pages","status":"publish","type":"post","link":"https:\/\/www.brenne-au-coeur.com\/index.php\/2022\/05\/20\/voyages-de-pages-en-pages\/communes\/mezieres-en-brenne\/1897\/","title":{"rendered":"Voyages, de pages en pages&#8230;"},"content":{"rendered":"<p><span style=\"font-size: large;\">Comme \u00e0 chaque r\u00e9union du club de lecture, les participants sont venus avec leur coup de c\u0153ur. Hasard des choix, ce mardi 17 mai, la quasi-totalit\u00e9 des ouvrages pr\u00e9sent\u00e9s, invitaient d\u2019une mani\u00e8re ou d\u2019une autre, au voyage. <\/span><\/p>\n<figure id=\"attachment_1901\" aria-describedby=\"caption-attachment-1901\" style=\"width: 191px\" class=\"wp-caption alignleft\"><a href=\"https:\/\/www.brenne-au-coeur.com\/wp-content\/uploads\/2022\/05\/les-naufrages-de-lautocar.jpeg\" rel=\"lightbox[1897]\"><img loading=\"lazy\" decoding=\"async\" class=\"wp-image-1901 size-medium\" src=\"https:\/\/www.brenne-au-coeur.com\/wp-content\/uploads\/2022\/05\/les-naufrages-de-lautocar-191x300.jpeg\" alt=\"\" width=\"191\" height=\"300\" srcset=\"https:\/\/www.brenne-au-coeur.com\/wp-content\/uploads\/2022\/05\/les-naufrages-de-lautocar-191x300.jpeg 191w, https:\/\/www.brenne-au-coeur.com\/wp-content\/uploads\/2022\/05\/les-naufrages-de-lautocar.jpeg 194w\" sizes=\"auto, (max-width: 191px) 100vw, 191px\" \/><\/a><figcaption id=\"caption-attachment-1901\" class=\"wp-caption-text\">Les naufrag\u00e9s de l&rsquo;autocar<\/figcaption><\/figure>\n<p><span style=\"font-family: Liberation Serif, serif;\"><span style=\"font-size: large;\"><span style=\"color: #c9211e;\"><i><b>Les naufrag\u00e9s de l\u2019autocar.<\/b><\/i><\/span> <b>Steinbeck John.<\/b> Roman. 1977. \u00c9diteur&nbsp;: Gallimard. 370 pages.<\/span><\/span><\/p>\n<p><span style=\"font-family: Liberation Serif, serif;\"><span style=\"font-size: large;\">Une panne oblige les voyageurs d&rsquo;un autocar \u00e0 passer la nuit dans une station-service, sur la grande autoroute de Californie. La panne r\u00e9par\u00e9e, un nouvel incident immobilise pendant des heures les voyageurs en pleine montagne. <\/span><\/span><\/p>\n<p><span style=\"font-family: Liberation Serif, serif;\"><i><b><span style=\"font-size: large;\">Pour Gilles, <\/span><span style=\"font-size: large;\">\u00ab\u00a0<\/span><span style=\"font-size: large;\">L\u2019int\u00e9r\u00eat du livre r\u00e9side, dans la qualit\u00e9 de la description des personn<\/span><span style=\"font-size: large;\">ages<\/span><span style=\"font-size: large;\">. L\u2019auteur trace <\/span><span style=\"font-size: large;\">plusieurs<\/span><span style=\"font-size: large;\"> portrait<\/span><span style=\"font-size: large;\">s\u00a0:<\/span><span style=\"font-size: large;\"> un homme d\u2019affaires antipathique, une femme qui r\u00eave de devenir une star&#8230;\u00a0\u00bb<\/span><\/b><\/i><\/span><\/p>\n<figure id=\"attachment_1900\" aria-describedby=\"caption-attachment-1900\" style=\"width: 195px\" class=\"wp-caption alignright\"><a href=\"https:\/\/www.brenne-au-coeur.com\/wp-content\/uploads\/2022\/05\/secret-des-labos.jpg\" rel=\"lightbox[1897]\"><img loading=\"lazy\" decoding=\"async\" class=\"wp-image-1900 size-full\" src=\"https:\/\/www.brenne-au-coeur.com\/wp-content\/uploads\/2022\/05\/secret-des-labos.jpg\" alt=\"\" width=\"195\" height=\"259\" \/><\/a><figcaption id=\"caption-attachment-1900\" class=\"wp-caption-text\">Dans le secret des labos<\/figcaption><\/figure>\n<p><span style=\"font-family: Liberation Serif, serif;\"><span style=\"font-size: large;\"><span style=\"color: #c9211e;\"><i><b>Dans les secrets des labos.<\/b><\/i><\/span> J<b>ean Yves Du<\/b><b>hoo. <\/b>Bande dessin\u00e9e. 2020.<\/span><\/span><\/p>\n<p><span style=\"font-family: Liberation Serif, serif;\"><span style=\"font-size: large;\">\u00c9diteur&nbsp;: Dupuis. 192 pages. <span style=\"color: #000000;\">Livre de la <a href=\"https:\/\/www.facebook.com\/M%C3%A9diath%C3%A8que-de-M%C3%A9zi%C3%A8res-en-Brenne-2009848609284504\/\">M\u00e9diath\u00e8que de M\u00e9zi\u00e8res<\/a>.<\/span><\/span><\/span><\/p>\n<p><span style=\"font-family: Liberation Serif, serif;\"><span style=\"font-size: large;\">Avec le concours du CNRS, Jean-Yves Duhoo a visit\u00e9 les plus grands sites scientifiques et techniques de France et de ses alentours pendant plusieurs ann\u00e9es. Dans ce livre sont rassembl\u00e9s les reportages qu\u2019il en a tir\u00e9s pour Spirou&nbsp;! Tous ces r\u00e9cits ont bien s\u00fbr \u00e9t\u00e9 actualis\u00e9s et valid\u00e9s par les laboratoires en question pour la sortie de l\u2019ouvrage en 2019. Dans ce panorama des sujets scientifiques et techniques&nbsp;: le temps atomique, les trous noirs, la mati\u00e8re flottante, la lumi\u00e8re vivante, les cristaux, l\u2019analyse des sols, la s\u00e9curit\u00e9 sanitaire, la micro\u00e9lectronique, le cerveau virtuel, les voitures \u00e9cologiques, les d\u00e9chets nucl\u00e9aires, la recherche musicale, le tunnelier, l\u2019avion de combat, la m\u00e9moire informatique et bien d\u2019autres encore. Des enqu\u00eates \u00e9crites et dessin\u00e9es qui permettent de mieux comprendre la recherche. Fort de 192 pages, les 45 reportages sont r\u00e9partis en 4 chapitres&nbsp;: \u00ab&nbsp;Temps et espace&nbsp;\u00bb, \u00ab&nbsp;Au c\u0153ur de la mati\u00e8re&nbsp;\u00bb, \u00ab&nbsp;Le Vivant&nbsp;\u00bb, \u00ab&nbsp;Le G\u00e9nie humain&nbsp;\u00bb. Un livre n\u00e9cessaire et utile&nbsp;! <\/span><\/span><\/p>\n<p><span style=\"font-family: Liberation Serif, serif;\"><span style=\"font-size: large;\"><i><b>\u00ab\u00a0Ce livre se lit facilement. Il rend la science plus accessible\u00a0\u00bb, a comment\u00e9 Gilles<\/b><\/i><\/span><\/span><\/p>\n<figure id=\"attachment_1907\" aria-describedby=\"caption-attachment-1907\" style=\"width: 208px\" class=\"wp-caption alignleft\"><a href=\"https:\/\/www.brenne-au-coeur.com\/wp-content\/uploads\/2022\/05\/Le-tour-du-monde-du-roi-Zibeline.png\" rel=\"lightbox[1897]\"><img loading=\"lazy\" decoding=\"async\" class=\"wp-image-1907 size-medium\" src=\"https:\/\/www.brenne-au-coeur.com\/wp-content\/uploads\/2022\/05\/Le-tour-du-monde-du-roi-Zibeline-208x300.png\" alt=\"\" width=\"208\" height=\"300\" srcset=\"https:\/\/www.brenne-au-coeur.com\/wp-content\/uploads\/2022\/05\/Le-tour-du-monde-du-roi-Zibeline-208x300.png 208w, https:\/\/www.brenne-au-coeur.com\/wp-content\/uploads\/2022\/05\/Le-tour-du-monde-du-roi-Zibeline.png 284w\" sizes=\"auto, (max-width: 208px) 100vw, 208px\" \/><\/a><figcaption id=\"caption-attachment-1907\" class=\"wp-caption-text\">Le tour du monde du roi Zibeline<\/figcaption><\/figure>\n<p><span style=\"font-family: Liberation Serif, serif;\"><span style=\"color: #c9211e;\"><i><b>\u00ab\u00a0<\/b><\/i><\/span><span style=\"color: #c9211e;\"><span style=\"font-size: large;\"><i><b>Le Tour du monde du roi Zibeline\u00a0\u00bb<\/b><\/i><\/span><\/span> <span style=\"font-size: large;\"><b>de Jean Christophe Rufin.<\/b><\/span> <span style=\"font-size: large;\">Roman historique.<\/span><span style=\"font-size: large;\">\u00a0<\/span><span style=\"font-size: large;\">2017.<\/span> <span style=\"font-size: large;\">\u00c9dit\u00e9<\/span><span style=\"font-size: large;\"> chez <\/span><span style=\"font-size: large;\">G<\/span><span style=\"font-size: large;\">allimard. <\/span><span style=\"font-size: large;\">384 pages. <\/span><span style=\"color: #000000;\"><span style=\"font-size: large;\">Livre de la M\u00e9diath\u00e8que de M\u00e9zi\u00e8res.<\/span><\/span><\/span><\/p>\n<p><span style=\"font-family: Liberation Serif, serif;\"><span style=\"font-size: large;\"><i><b>\u00ab\u00a0Voici la biographie d\u2019un aventurier m\u00e9connu, qui entra\u00eene le lecteur dans l\u2019histoire des colonisations. On y retrouve des choses que nous vivons aujourd\u2019hui\u00a0\u00bb a expliqu\u00e9 Chantal<\/b><\/i><\/span><\/span><\/p>\n<p><span style=\"font-family: Liberation Serif, serif;\"><span style=\"font-size: large;\">C&rsquo;est une biographie romanc\u00e9e de la vie de l&rsquo;explorateur Auguste BENIOWSKI n\u00e9 en Hongrie en 1746 et mort \u00e0 Madagascar en 1786.<\/span><\/span><\/p>\n<p><span style=\"font-family: Liberation Serif, serif;\"><span style=\"font-size: large;\">Cet aristocrate hongrois, aventurier, colonisateur et \u00e9crivain\u00a0 \u00e9duqu\u00e9 par un pr\u00e9cepteur fran\u00e7ais, a \u00e9t\u00e9 soldat autrichien, dirigeant militaire polonais,\u00a0 colonel fran\u00e7ais et roi de Madagascar sous le nom de \u00ab\u00a0roi Zibeline\u00a0\u00bb.<\/span><\/span><\/p>\n<p><span style=\"font-family: Liberation Serif, serif;\"><span style=\"font-size: large;\">Ce sont les m\u00e9moires d&rsquo;Auguste Beniowski qui sont la base de ce conte et Rufin a choisi de faire raconter cette\u00a0 histoire tour \u00e0 tour par Auguste BENIOWSKI et sa compagne. Ils narrent leur vie \u00e0 Benjamin Franklin,\u00a0 p\u00e8re fondateur de la d\u00e9claration d&rsquo;ind\u00e9pendance des \u00c9tats Unis aupr\u00e8s duquel ils sont all\u00e9s trouver du r\u00e9confort et de l&rsquo;\u00e9coute. Ce sont donc deux monologues qui commencent par leur d\u00e9portation en Sib\u00e9rie,\u00a0 leur rocambolesque \u00e9vasion puis leur cap vers l&rsquo;Alaska, le Japon, Formose, Canton, Macao et enfin la France.\u00a0<\/span><\/span><\/p>\n<figure id=\"attachment_1899\" aria-describedby=\"caption-attachment-1899\" style=\"width: 183px\" class=\"wp-caption alignright\"><a href=\"https:\/\/www.brenne-au-coeur.com\/wp-content\/uploads\/2022\/05\/le-grand-sillon.jpg\" rel=\"lightbox[1897]\"><img loading=\"lazy\" decoding=\"async\" class=\"wp-image-1899 size-medium\" src=\"https:\/\/www.brenne-au-coeur.com\/wp-content\/uploads\/2022\/05\/le-grand-sillon-183x300.jpg\" alt=\"\" width=\"183\" height=\"300\" srcset=\"https:\/\/www.brenne-au-coeur.com\/wp-content\/uploads\/2022\/05\/le-grand-sillon-183x300.jpg 183w, https:\/\/www.brenne-au-coeur.com\/wp-content\/uploads\/2022\/05\/le-grand-sillon.jpg 210w\" sizes=\"auto, (max-width: 183px) 100vw, 183px\" \/><\/a><figcaption id=\"caption-attachment-1899\" class=\"wp-caption-text\">Le grand sillon<\/figcaption><\/figure>\n<p><span style=\"font-family: Liberation Serif, serif;\"><span style=\"color: #c9211e;\"><span style=\"font-size: large;\"><i><b>Le grand sillon. <\/b><\/i><\/span><\/span><span style=\"font-size: large;\"><b>Claude Michel.<\/b><\/span><span style=\"font-size: large;\"> Roman historique. 1998. \u00c9diteur Pocket . 378 pages.<\/span><\/span><\/p>\n<p><span style=\"font-family: Liberation Serif, serif;\"><span style=\"font-size: large;\"><i><b>\u00ab\u00a0Ce roman raconte l\u2019histoire de familles fran\u00e7aises, originaires de Corr\u00e8ze, attir\u00e9es par l\u2019aventure. D\u2019abord au Chili en 1871, o\u00f9 ils vivent les joies et drames de ce pays, puis au Panama. C\u2019est captivant. Quand on met le nez dans le livre on ne le l\u00e2che plus\u00a0\u00bb s\u2019est r\u00e9jouie Bernadette.<\/b><\/i><\/span><\/span><\/p>\n<p><span style=\"font-family: Liberation Serif, serif;\"><span style=\"font-size: large;\">D\u00e8s qu\u2019ils ont eu vent de l\u2019ouverture du plus grand chantier du si\u00e8cle, le \u00ab\u00a0creusement du canal de Panama\u00a0\u00bb, les \u00ab\u00a0Fran\u00e7ais du Chili\u00a0\u00bb se sont lanc\u00e9s dans l\u2019aventure. Martial et Romain en t\u00eate.<\/span><\/span><\/p>\n<p><span style=\"font-family: Liberation Serif, serif;\"><span style=\"font-size: large;\">Ils voulaient \u00eatre l\u00e0, avec les centaines d\u2019ing\u00e9nieurs et les milliers d\u2019ouvriers, pour mater la jungle, domestiquer un fleuve r\u00e9put\u00e9 indomptable, faire reculer les mar\u00e9cages, aplanir la montagne, r\u00e9unir les oc\u00e9ans\u00a0! Etre l\u00e0, malgr\u00e9 le climat malsain, les fi\u00e8vres, les colonies de mygales et de serpents\u2026<\/span><\/span><\/p>\n<p><span style=\"font-family: Liberation Serif, serif;\"><span style=\"font-size: large;\">1887\u2026 Ils sont l\u00e0 depuis six ans. Mais resteront-ils encore longtemps alors que le projet s\u2019enlise et que tout semble leur dire une nouvelle fois que la vie est ailleurs..Suite et fin d\u2019une fresque \u00e9pique que l\u2019on n\u2019oubliera pas.<\/span><\/span><\/p>\n<figure id=\"attachment_1898\" aria-describedby=\"caption-attachment-1898\" style=\"width: 195px\" class=\"wp-caption alignleft\"><a href=\"https:\/\/www.brenne-au-coeur.com\/wp-content\/uploads\/2022\/05\/istanbul.jpg\" rel=\"lightbox[1897]\"><img loading=\"lazy\" decoding=\"async\" class=\"wp-image-1898 size-full\" src=\"https:\/\/www.brenne-au-coeur.com\/wp-content\/uploads\/2022\/05\/istanbul.jpg\" alt=\"\" width=\"195\" height=\"297\" \/><\/a><figcaption id=\"caption-attachment-1898\" class=\"wp-caption-text\">Dictionnaire amoureux d&rsquo;Istanbul<\/figcaption><\/figure>\n<p><span style=\"font-family: Liberation Serif, serif;\"><span style=\"font-size: large;\"><span style=\"color: #c9211e;\"><i><b>Dictionnaire amoureux d\u2019Istanbul.<\/b><\/i><\/span> <b>Metin Arditi<\/b><b>.<\/b> Essai.2022. \u00c9diteur&nbsp;: Plon.<\/span><\/span><\/p>\n<p><span style=\"font-family: Liberation Serif, serif;\"><span style=\"font-size: large;\">544 pages.<\/span><\/span><\/p>\n<p><span style=\"font-family: Liberation Serif, serif;\"><span style=\"font-size: large;\"><i><b>\u00ab\u00a0\u00c9videmment la formule dictionnaire, rend le texte assez d\u00e9cousu. De plus il manque une carte de la ville pour se rep\u00e9rer. Mais c\u2019est un livre qui donne \u00e9norm\u00e9ment d\u2019informations\u00a0\u00bb a pr\u00e9cis\u00e9 Michel<\/b><\/i><\/span><\/span><\/p>\n<p><span style=\"font-family: Liberation Serif, serif;\"><span style=\"font-size: large;\">\u00a0\u00bb Cette ville \u2013 celle de mon enfance \u2013 a tout eu, tout re\u00e7u, tout connu. Des empereurs et des sultans, des personnages de l\u00e9gende, des artistes raffin\u00e9s, des architectes g\u00e9niaux, des favorites diaboliques et des marchands d&rsquo;armes d&rsquo;une habilet\u00e9 hors du commun. On s&rsquo;y r\u00e9gale de mets d&rsquo;une rare finesse, on y hume des senteurs troublantes, on d\u00e9ambule au milieu de bruits jamais entendus, on y vit des passions qu&rsquo;il vaut mieux taire, et lorsque l&rsquo;on se trouve sur l&rsquo;une de ses collines, o\u00f9 que se porte le regard, on a le sentiment d&rsquo;\u00eatre au Royaume des royaumes.<br \/>\nTout, ici, \u00e9tonne, surprend, \u00e9merveille. Sommes-nous \u00e0 Byzance, Constantinople ou Istanbul&nbsp;? Devant une \u00e9glise orthodoxe ou une mosqu\u00e9e&nbsp;? Dans une citerne ou une basilique&nbsp;? Le quartier que nous visitons est-il grec&nbsp;? juif&nbsp;? g\u00e9nois ou v\u00e9nitien&nbsp;? Sommes-nous rive gauche ou rive droite de la Corne d&rsquo;Or&nbsp;? Face au Bosphore, \u00e0 la mer de Marmara ou \u00e0 la mer Noire&nbsp;? O\u00f9 irons-nous d\u00e9jeuner, tout \u00e0 l&rsquo;heure, en Europe ou en Asie&nbsp;? \u00a0\u00bb <\/span><\/span><\/p>\n<figure id=\"attachment_1903\" aria-describedby=\"caption-attachment-1903\" style=\"width: 192px\" class=\"wp-caption alignright\"><a href=\"https:\/\/www.brenne-au-coeur.com\/wp-content\/uploads\/2022\/05\/lami-impossible.jpg\" rel=\"lightbox[1897]\"><img loading=\"lazy\" decoding=\"async\" class=\"wp-image-1903\" src=\"https:\/\/www.brenne-au-coeur.com\/wp-content\/uploads\/2022\/05\/lami-impossible.jpg\" alt=\"\" width=\"192\" height=\"281\" \/><\/a><figcaption id=\"caption-attachment-1903\" class=\"wp-caption-text\">L&rsquo;ami impossible<\/figcaption><\/figure>\n<p><span style=\"font-family: Liberation Serif, serif;\"><span style=\"color: #c9211e;\"><span style=\"font-size: large;\"><i><b>L\u2019ami impossible .<\/b><\/i><\/span><\/span> <span style=\"font-size: large;\"><b>Bruno de Stabenrath.<\/b><\/span><span style=\"font-size: large;\"> T\u00e9moignage. 2020. \u00c9diteur&nbsp;: Gallimard. 526 pages. <\/span><span style=\"color: #000000;\"><span style=\"font-size: large;\">Livre de la BDI, actuellement \u00e0 Martizay.<\/span><\/span><\/span><\/p>\n<p><span style=\"font-family: Liberation Serif, serif;\"><span style=\"font-size: large;\"><i><b>\u00ab\u00a0Ce livre nous plonge dans l\u2019intimit\u00e9 de cet homme. Il relate une histoire humaine plus qu\u2019un fait divers. Il aide \u00e0 r\u00e9fl\u00e9chir sur les raisons qui am\u00e8nent \u00e0 faire de telles choses\u00a0\u00bb a expliqu\u00e9 Isabelle<\/b><\/i><\/span><\/span><\/p>\n<p><span style=\"font-family: Liberation Serif, serif;\"><span style=\"font-size: large;\">En 1977 \u00e0 Versailles, Bruno, le narrateur, fait son entr\u00e9e en Terminale au coll\u00e8ge Saint-Thomas-d&rsquo;Aquin. Lui et sa famille viennent d&#8217;emm\u00e9nager dans la ville suite \u00e0 la nouvelle mutation du p\u00e8re, officier militaire. Le premier jour au lyc\u00e9e, le narrateur fait la connaissance de son voisin de table, Xavier de Ligonn\u00e8s. Les deux adolescents habitent dans la m\u00eame rue, partagent la m\u00eame passion pour la musique et les voitures am\u00e9ricaines&nbsp;: Beach Boys, Elvis Presley, Cadillac, Corvette, etc. Dans cette ville o\u00f9 les familles respectent des valeurs traditionnelles et fr\u00e9quentent l&rsquo;\u00e9glise assid\u00fbment, c&rsquo;est une bouff\u00e9e d&rsquo;oxyg\u00e8ne pour les deux gar\u00e7ons en qu\u00eate de sensations. Xavier m\u00e8ne une vie insouciante, voyage aux \u00c9tats-Unis, le narrateur poursuit une carri\u00e8re d&rsquo;acteur au cin\u00e9ma, mais les deux gar\u00e7ons demeurent complices.Au d\u00e9but des ann\u00e9es 90, le narrateur d\u00e9couvre que son ami fr\u00e9quente une secte religieuse, Philadelphie, dirig\u00e9e par sa m\u00e8re. Malgr\u00e9 son aversion pour ce type de fanatisme religieux, Bruno conserve son amiti\u00e9 pour Xavier. C&rsquo;est en juin 1995 que le d\u00e9lire mystique de la secte &#8211; et de la m\u00e8re de Xavier &#8211; atteint son paroxysme. Cette derni\u00e8re a fait une proph\u00e9tie&nbsp;: le 30 juin 1995, le chanoine Ridofli ressuscitera et il d\u00e9signera Xavier comme \u00ab&nbsp;l&rsquo;\u00e9lu&nbsp;\u00bb pour r\u00e9gner sur le monde. Bien s\u00fbr, rien de tout cela n&rsquo;arrive. Au tournant des ann\u00e9es 2000, les probl\u00e8mes financiers s&rsquo;accumulent&#8230; Quand l&rsquo;affaire \u00e9clate, Bruno de Stabenrath, en parall\u00e8le, m\u00e8ne sa propre enqu\u00eate, en qu\u00eate de v\u00e9rit\u00e9 et de cet ami \u00ab&nbsp;pr\u00e9sum\u00e9 assassin&nbsp;\u00bb qu&rsquo;il ne reconna\u00eet plus mais qu&rsquo;il croit toujours vivant. Ce texte profond\u00e9ment original restitue les nuances de la personnalit\u00e9 complexe de Xavier de Ligonn\u00e8s et donne des cl\u00e9s in\u00e9dites pour mieux comprendre les rouages de cette affaire criminelle hors norme\u2026<\/span><\/span><\/p>\n<figure id=\"attachment_1904\" aria-describedby=\"caption-attachment-1904\" style=\"width: 178px\" class=\"wp-caption alignleft\"><a href=\"https:\/\/www.brenne-au-coeur.com\/wp-content\/uploads\/2022\/05\/des-cornichons-au-chocolat.jpg\" rel=\"lightbox[1897]\"><img loading=\"lazy\" decoding=\"async\" class=\"wp-image-1904 size-medium\" src=\"https:\/\/www.brenne-au-coeur.com\/wp-content\/uploads\/2022\/05\/des-cornichons-au-chocolat-178x300.jpg\" alt=\"\" width=\"178\" height=\"300\" srcset=\"https:\/\/www.brenne-au-coeur.com\/wp-content\/uploads\/2022\/05\/des-cornichons-au-chocolat-178x300.jpg 178w, https:\/\/www.brenne-au-coeur.com\/wp-content\/uploads\/2022\/05\/des-cornichons-au-chocolat.jpg 210w\" sizes=\"auto, (max-width: 178px) 100vw, 178px\" \/><\/a><figcaption id=\"caption-attachment-1904\" class=\"wp-caption-text\">Des cornichons au chocolat<\/figcaption><\/figure>\n<p><span style=\"font-family: Liberation Serif, serif;\"><span style=\"color: #c9211e;\"><span style=\"font-size: large;\"><i><b>Des cornichons au chocolat.<\/b><\/i><\/span><\/span> <span style=\"font-size: large;\"><b>St\u00e9phanie. Philippe Labro.<\/b><\/span><span style=\"font-size: large;\"> Roman. 1984. \u00c9diteur&nbsp;: Livre de Poche. 191 pages.<\/span><\/span><\/p>\n<p><span style=\"font-family: Liberation Serif, serif;\"><span style=\"font-size: large;\"><i><b>\u00ab\u00a0C\u2019est tr\u00e8s sympa \u00e0 lire et plut\u00f4t amusant\u00a0\u00bb a confi\u00e9 Isabelle<\/b><\/i><\/span><\/span><\/p>\n<p><span style=\"font-family: Liberation Serif, serif;\"><span style=\"font-size: large;\">Publi\u00e9 en 1983 sous le pseudonyme de St\u00e9phanie, Des cornichons au chocolat est devenu un livre culte. Toute une g\u00e9n\u00e9ration s&rsquo;est reconnue dans le journal de cette adolescente de treize ans&nbsp;: sa solitude et sa r\u00e9volte, son regard d\u00e9rangeant sur les adultes, l&rsquo;\u00e9cole, le travail, et son go\u00fbt discutable pour les sandwichs aux cornichons et au chocolat.<br \/>\nEn r\u00e9alit\u00e9, le v\u00e9ritable auteur de ce livre n&rsquo;est autre que le romancier Philippe Labro. A l&rsquo;\u00e9poque, par pudeur et par authenticit\u00e9, il avait pr\u00e9f\u00e9r\u00e9 se dissimuler sous la fausse identit\u00e9 de cette lyc\u00e9enne inconnue &#8211; ce \u00ab\u00a0je\u00a0\u00bb f\u00e9minin, pour laisser croire qu&rsquo;il s&rsquo;agissait d&rsquo;un v\u00e9ritable document.<br \/>\nVingt-quatre ans plus tard, Philippe Labro a d\u00e9cid\u00e9 de reconna\u00eetre ce \u00ab\u00a0roman cach\u00e9\u00a0\u00bb d&rsquo;autant qu&rsquo;il constitue le premier volet d&rsquo;une trilogie f\u00e9minine poursuivie avec Manuella et enfin avec Franz et Clara.<br \/>\n<\/span><\/span><\/p>\n<figure id=\"attachment_1902\" aria-describedby=\"caption-attachment-1902\" style=\"width: 195px\" class=\"wp-caption alignright\"><a href=\"https:\/\/www.brenne-au-coeur.com\/wp-content\/uploads\/2022\/05\/Mme-Pylinska.jpg\" rel=\"lightbox[1897]\"><img loading=\"lazy\" decoding=\"async\" class=\"wp-image-1902 size-full\" src=\"https:\/\/www.brenne-au-coeur.com\/wp-content\/uploads\/2022\/05\/Mme-Pylinska.jpg\" alt=\"\" width=\"195\" height=\"300\" \/><\/a><figcaption id=\"caption-attachment-1902\" class=\"wp-caption-text\">Madame Pylinska et le secret de Chopin<\/figcaption><\/figure>\n<p><span style=\"font-family: Liberation Serif, serif;\"><span style=\"font-size: large;\"><span style=\"color: #c9211e;\"><i><b>M<\/b><\/i><\/span><span style=\"color: #c9211e;\"><i><b>adame Pylinska et le secret de Chopin.<\/b><\/i><\/span> <b>Eric Emmanuel Schmitt.<\/b> Roman. 2018. \u00c9diteur&nbsp;: Albin Michel. 270 pages. <span style=\"color: #000000;\">Livre de la BDI, actuellement \u00e0 Martizay<\/span><span style=\"color: #3465a4;\">.<\/span><\/span><\/span><\/p>\n<p><span style=\"font-family: Liberation Serif, serif;\"><span style=\"font-size: large;\">\u00ab&nbsp;Madame Pylinska, quel est le secret de Chopin&nbsp;? Il y a des secrets qu&rsquo;il ne faut pas percer mais fr\u00e9quenter&nbsp;: leur compagnie vous rend meilleur.&nbsp;\u00bb Dans le cadre du Cycle de l&rsquo;Invisible, Madame Pylinska et le secret de Chopin est un conte initiatique, plein d&rsquo;intelligence et d&rsquo;humour, o\u00f9 la musique apprend \u00e0 vivre et \u00e0 aimer. Dans cet enregistrement exceptionnel, la lecture douce et malicieuse d&rsquo;\u00c9ric-Emmanuel Schmitt s&rsquo;allie \u00e0 la virtuosit\u00e9 du pianiste-concertiste Nicolas Stavy pour nous faire d\u00e9couvrir, avec humour et po\u00e9sie, l&rsquo;univers fascinant de Chopin. <\/span><\/span><\/p>\n","protected":false},"excerpt":{"rendered":"<p>Comme \u00e0 chaque r\u00e9union du club de lecture, les participants sont venus avec leur coup de c\u0153ur. Hasard des choix, ce mardi 17 mai, la quasi-totalit\u00e9 des ouvrages pr\u00e9sent\u00e9s, invitaient d\u2019une mani\u00e8re ou d\u2019une autre, au voyage. Les naufrag\u00e9s de l\u2019autocar. Steinbeck John. Roman. 1977. \u00c9diteur&nbsp;: Gallimard. 370 pages. Une panne oblige les voyageurs d&rsquo;un&hellip;&nbsp;<a href=\"https:\/\/www.brenne-au-coeur.com\/index.php\/2022\/05\/20\/voyages-de-pages-en-pages\/communes\/mezieres-en-brenne\/1897\/\" rel=\"bookmark\">Lire la suite&nbsp;&raquo;<span class=\"screen-reader-text\">Voyages, de pages en pages&#8230;<\/span><\/a><\/p>\n","protected":false},"author":1,"featured_media":1901,"comment_status":"open","ping_status":"open","sticky":false,"template":"","format":"standard","meta":{"rop_custom_images_group":[],"rop_custom_messages_group":[],"rop_publish_now":"initial","rop_publish_now_accounts":[],"rop_publish_now_history":[],"rop_publish_now_status":"pending","_monsterinsights_skip_tracking":false,"_monsterinsights_sitenote_active":false,"_monsterinsights_sitenote_note":"","_monsterinsights_sitenote_category":0,"neve_meta_sidebar":"","neve_meta_container":"","neve_meta_enable_content_width":"off","neve_meta_content_width":70,"neve_meta_title_alignment":"","neve_meta_author_avatar":"","neve_post_elements_order":"","neve_meta_disable_header":"","neve_meta_disable_footer":"","neve_meta_disable_title":"","_jetpack_memberships_contains_paid_content":false,"footnotes":"","jetpack_publicize_message":"","jetpack_publicize_feature_enabled":true,"jetpack_social_post_already_shared":true,"jetpack_social_options":{"image_generator_settings":{"template":"highway","default_image_id":0,"font":"","enabled":false},"version":2}},"categories":[70,12],"tags":[39],"class_list":["post-1897","post","type-post","status-publish","format-standard","has-post-thumbnail","hentry","category-a-lire","category-mezieres-en-brenne","tag-litterature"],"aioseo_notices":[],"jetpack_publicize_connections":[],"jetpack_featured_media_url":"https:\/\/www.brenne-au-coeur.com\/wp-content\/uploads\/2022\/05\/les-naufrages-de-lautocar.jpeg","jetpack-related-posts":[],"jetpack_sharing_enabled":true,"_links":{"self":[{"href":"https:\/\/www.brenne-au-coeur.com\/index.php\/wp-json\/wp\/v2\/posts\/1897","targetHints":{"allow":["GET"]}}],"collection":[{"href":"https:\/\/www.brenne-au-coeur.com\/index.php\/wp-json\/wp\/v2\/posts"}],"about":[{"href":"https:\/\/www.brenne-au-coeur.com\/index.php\/wp-json\/wp\/v2\/types\/post"}],"author":[{"embeddable":true,"href":"https:\/\/www.brenne-au-coeur.com\/index.php\/wp-json\/wp\/v2\/users\/1"}],"replies":[{"embeddable":true,"href":"https:\/\/www.brenne-au-coeur.com\/index.php\/wp-json\/wp\/v2\/comments?post=1897"}],"version-history":[{"count":3,"href":"https:\/\/www.brenne-au-coeur.com\/index.php\/wp-json\/wp\/v2\/posts\/1897\/revisions"}],"predecessor-version":[{"id":1909,"href":"https:\/\/www.brenne-au-coeur.com\/index.php\/wp-json\/wp\/v2\/posts\/1897\/revisions\/1909"}],"wp:featuredmedia":[{"embeddable":true,"href":"https:\/\/www.brenne-au-coeur.com\/index.php\/wp-json\/wp\/v2\/media\/1901"}],"wp:attachment":[{"href":"https:\/\/www.brenne-au-coeur.com\/index.php\/wp-json\/wp\/v2\/media?parent=1897"}],"wp:term":[{"taxonomy":"category","embeddable":true,"href":"https:\/\/www.brenne-au-coeur.com\/index.php\/wp-json\/wp\/v2\/categories?post=1897"},{"taxonomy":"post_tag","embeddable":true,"href":"https:\/\/www.brenne-au-coeur.com\/index.php\/wp-json\/wp\/v2\/tags?post=1897"}],"curies":[{"name":"wp","href":"https:\/\/api.w.org\/{rel}","templated":true}]}}