{"id":1406,"date":"2022-05-02T20:12:14","date_gmt":"2022-05-02T18:12:14","guid":{"rendered":"https:\/\/www.brenne-au-coeur.com\/?p=1406"},"modified":"2022-05-14T15:40:18","modified_gmt":"2022-05-14T13:40:18","slug":"les-livres-du-mois","status":"publish","type":"post","link":"https:\/\/www.brenne-au-coeur.com\/index.php\/2022\/05\/02\/les-livres-du-mois\/communes\/mezieres-en-brenne\/1406\/","title":{"rendered":"Les livres du mois (05\/22)"},"content":{"rendered":"<p align=\"left\"><span style=\"font-size: large;\">Ce sont les livres pr\u00e9sent\u00e9s <\/span><span style=\"font-size: large;\">l<\/span><span style=\"font-size: large;\">e troisi\u00e8me mardi de chaque mois, \u00e0 la r\u00e9union du club de lecture de M\u00e9zi\u00e8res-en-Brenne. <\/span><span style=\"font-size: large;\">L<\/span><span style=\"font-size: large;\">es participants \u00e0 ces rencontres parlent des ouvrages qu\u2019ils ont aim\u00e9s. <\/span><span style=\"font-size: large;\">Un rendez-vous mensuel informel, ouvert \u00e0 toute personne amoureuse de litt\u00e9rature, et appr\u00e9ciant <\/span><span style=\"font-size: large;\">le<\/span><span style=\"font-size: large;\"> partage <\/span><span style=\"font-size: large;\">d<\/span><span style=\"font-size: large;\">es \u00e9motions, <\/span><span style=\"font-size: large;\">d<\/span><span style=\"font-size: large;\">es coups de c\u0153ur. <\/span><span style=\"font-size: large;\">L<\/span><span style=\"font-size: large;\">e mardi 19 avril, <\/span><span style=\"font-size: large;\">les lecteurs ont retenu les livres <\/span><span style=\"font-size: large;\">comment\u00e9s<\/span><span style=\"font-size: large;\"> ci-dessous. <\/span><span style=\"font-size: large;\">La prochaine r\u00e9union aura lieu le mardi 17 mai \u00e0 la m\u00e9diath\u00e8que de <a href=\"https:\/\/fr.mappy.com\/poi\/56ad0ba99191b0520e3db798\">M\u00e9zi\u00e8res-en-Brenne <\/a><\/span><span style=\"font-size: large;\">de 14h \u00e0 16h<\/span><span style=\"font-size: large;\">.<\/span><\/p>\n<h1><span style=\"font-size: large;\">Trois livres propos\u00e9s par Isabelle&nbsp;: <\/span><\/h1>\n<figure id=\"attachment_1415\" aria-describedby=\"caption-attachment-1415\" style=\"width: 182px\" class=\"wp-caption alignleft\"><a href=\"https:\/\/www.brenne-au-coeur.com\/wp-content\/uploads\/2022\/05\/livres-du-mois-1.jpg\" rel=\"lightbox[1406]\"><img loading=\"lazy\" decoding=\"async\" class=\"wp-image-1415 size-medium\" src=\"https:\/\/www.brenne-au-coeur.com\/wp-content\/uploads\/2022\/05\/livres-du-mois-1-182x300.jpg\" alt=\"\" width=\"182\" height=\"300\" srcset=\"https:\/\/www.brenne-au-coeur.com\/wp-content\/uploads\/2022\/05\/livres-du-mois-1-182x300.jpg 182w, https:\/\/www.brenne-au-coeur.com\/wp-content\/uploads\/2022\/05\/livres-du-mois-1.jpg 195w\" sizes=\"auto, (max-width: 182px) 100vw, 182px\" \/><\/a><figcaption id=\"caption-attachment-1415\" class=\"wp-caption-text\">Xavier Dupont de Ligonn\u00e8s&nbsp;: L\u2019enqu\u00eate<\/figcaption><\/figure>\n<p align=\"left\"><span style=\"font-family: Arial, sans-serif;\"><span style=\"font-size: large;\"><span style=\"color: #000000;\"><i><b> X<\/b><\/i><\/span><span style=\"color: #000000;\"><i><b>avier <\/b><\/i><\/span><span style=\"color: #000000;\"><i><b>D<\/b><\/i><\/span><span style=\"color: #000000;\"><i><b>upont de <\/b><\/i><\/span><span style=\"color: #000000;\"><i><b>L<\/b><\/i><\/span><span style=\"color: #000000;\"><i><b>igonn\u00e8s&nbsp;:<\/b><\/i><\/span> <span style=\"color: #000000;\"><i><b>L\u2019enqu\u00eate<\/b><\/i><\/span><span style=\"color: #000000;\">. <\/span><b>Pierre Boisson, Maxime Chamoux,<\/b> <b>Sylvain Gouverneur et Thibault Raisse<\/b>. 2020. Editeur\u00a0: Marabout. 176 pages. <\/span><\/span><\/p>\n<p align=\"left\"><span style=\"color: #000000;\"><span style=\"font-family: Arial, sans-serif;\"><span style=\"font-size: large;\">Livre de la Bdi actuellement \u00e0 Martizay.<\/span><\/span><\/span><\/p>\n<p align=\"left\"><span style=\"color: #000000;\"><span style=\"font-family: Arial, sans-serif;\"><span style=\"font-size: large;\">L\u2019une des plus grandes affaires criminelles fran\u00e7aises. Xavier Dupont Ligonn\u00e8s dispara\u00eet apr\u00e8s le meurtre de son \u00e9pouse et de ses quatre enfants. Est-il coupable\u00a0? Est-il en fuite ou suicid\u00e9\u00a0? Le livre fait le point sur dix ans d\u2019enqu\u00eates.<\/span><\/span><\/span><\/p>\n<p align=\"left\"><span style=\"color: #000000;\"><span style=\"font-family: Arial, sans-serif;\"><span style=\"font-size: large;\"><i><b>P\u00e8re Semper<\/b><\/i><span style=\"color: #c9211e;\"><i><b>.<\/b><\/i><\/span> <b>Christine Payeux.<\/b> Roman. 2019. Editeur\u00a0: L\u2019escampette. 99 pages. Livre de la M\u00e9diath\u00e8que d\u2019Azay le Ferron.<\/span><\/span><\/span><\/p>\n<figure id=\"attachment_1414\" aria-describedby=\"caption-attachment-1414\" style=\"width: 166px\" class=\"wp-caption alignright\"><a href=\"https:\/\/www.brenne-au-coeur.com\/wp-content\/uploads\/2022\/05\/livres-de-mois-2.jpg\" rel=\"lightbox[1406]\"><img loading=\"lazy\" decoding=\"async\" class=\"wp-image-1414\" src=\"https:\/\/www.brenne-au-coeur.com\/wp-content\/uploads\/2022\/05\/livres-de-mois-2.jpg\" alt=\"\" width=\"166\" height=\"257\" \/><\/a><figcaption id=\"caption-attachment-1414\" class=\"wp-caption-text\">P\u00e8re Semper<\/figcaption><\/figure>\n<p align=\"left\"><span style=\"color: #000000;\"><span style=\"font-family: Arial, sans-serif;\"><span style=\"font-size: medium;\"><span style=\"font-size: large;\">Au coeur de ce livre, les relations p\u00e8res-enfants. <\/span><\/span><\/span><\/span><\/p>\n<p align=\"left\"><span style=\"color: #000000;\"><span style=\"font-family: Arial, sans-serif;\"><span style=\"font-size: medium;\"><b><span style=\"font-size: large;\"><i>\u00ab\u00a0Le comportement du p\u00e8re, ses gestes sont ici d\u00e9crits dans un style incroyable. L\u2019histoire renvoie \u00e0 des rapports entre p\u00e8res et enfants qui ont beaucoup chang\u00e9\u00a0\u00bb<\/i><\/span><\/b><span style=\"font-size: large;\">,<\/span><b><span style=\"font-size: large;\"><i> commente Isabelle.<\/i><\/span><\/b><\/span><\/span><\/span><\/p>\n<p align=\"left\"><span style=\"color: #000000;\"><span style=\"font-family: Arial, sans-serif;\"><span style=\"font-size: large;\">Christine Payeux poursuit ici son aventure \u00e0 travers la for\u00eat \u00e9nigmatique des siens, soumettant cette fois le p\u00e8re \u00e0 son regard aigu d\u2019enfant.<\/span><\/span><\/span><\/p>\n<figure id=\"attachment_1413\" aria-describedby=\"caption-attachment-1413\" style=\"width: 195px\" class=\"wp-caption alignleft\"><a href=\"https:\/\/www.brenne-au-coeur.com\/wp-content\/uploads\/2022\/05\/livres-du-mois-3.jpg\" rel=\"lightbox[1406]\"><img loading=\"lazy\" decoding=\"async\" class=\"wp-image-1413 size-full\" src=\"https:\/\/www.brenne-au-coeur.com\/wp-content\/uploads\/2022\/05\/livres-du-mois-3.jpg\" alt=\"\" width=\"195\" height=\"285\" \/><\/a><figcaption id=\"caption-attachment-1413\" class=\"wp-caption-text\">J&rsquo;balance pas, j\u2019raconte\u00a0&nbsp;!<\/figcaption><\/figure>\n<p align=\"left\"><span style=\"color: #000000;\"><span style=\"font-family: Arial, sans-serif;\"><span style=\"font-size: large;\"><i><b>J&rsquo;b<\/b><\/i><i><b>alance pas, j\u2019raconte\u00a0&nbsp;!.<\/b><\/i> <b>Andr\u00e9 Pousse, Laurent Chollet<\/b>. Biographie. 2005. \u00c9diteur&nbsp;: Le pr\u00e9 aux clercs. 249 pages. Livre de la Bdi \u00e0 Martizay.<\/span><\/span><\/span><\/p>\n<p align=\"left\"><span style=\"color: #000000;\"><span style=\"font-family: Arial, sans-serif;\"><span style=\"font-size: large;\"><i><b>\u00ab\u00a0Ce livre est tr\u00e8s sympa \u00e0 lire. On est \u00e9tonn\u00e9 par le nombre d\u2019activit\u00e9s men\u00e9es par Andr\u00e9 Pousse. Qu\u2019est-ce qu\u2019il n\u2019a pas fait dans sa vie&nbsp;?&nbsp;\u00bb, a constat\u00e9 la lectrice. <\/b><\/i><\/span><\/span><\/span><\/p>\n<p align=\"left\"><span style=\"color: #000000;\"><span style=\"font-family: Arial, sans-serif;\"><span style=\"font-size: large;\">Avant de jouer les flics ou, le plus souvent les truands, dans les polars des ann\u00e9es 1960-1970, et de faire partie des acteurs f\u00e9tiches de Miche Audiard, Andr\u00e9 Pousse a v\u00e9cu d\u2019autres vies. <\/span><\/span><\/span><span style=\"color: #000000;\"><span style=\"font-family: Arial, sans-serif;\"><span style=\"font-size: large;\">II fut d&rsquo;abord, avant-guerre, une figure l\u00e9gendaire du v\u00e9lodrome d&rsquo;Hiver, En 1950, il part faire fortune \u00e0 Ha\u00efti, revient ruin\u00e9 mais riche d&rsquo;une exp\u00e9rience d&rsquo;agent du FBI. En 1951, pour une \u00a0\u00bb inoubliable parenth\u00e8se de six mois \u00ab\u00a0, il est le compagnon d&rsquo;Edith Piaf, puis devient impr\u00e9sario pendant dix-sept ans (Henri Salvador, Line Renaud, Jos\u00e9phine Baker&#8230;). En 1963, il lance la mythique Locomotive et, la m\u00eame ann\u00e9e, accepte un petit r\u00f4le dans D&rsquo;o\u00f9 viens-tu, Johnny&nbsp;?, commen\u00e7ant ainsi sa carri\u00e8re d&rsquo;acteur. <\/span><\/span><\/span><\/p>\n<figure id=\"attachment_1412\" aria-describedby=\"caption-attachment-1412\" style=\"width: 185px\" class=\"wp-caption alignright\"><a href=\"https:\/\/www.brenne-au-coeur.com\/wp-content\/uploads\/2022\/05\/livres-du-mois-4.jpg\" rel=\"lightbox[1406]\"><img loading=\"lazy\" decoding=\"async\" class=\"wp-image-1412 size-medium\" src=\"https:\/\/www.brenne-au-coeur.com\/wp-content\/uploads\/2022\/05\/livres-du-mois-4-185x300.jpg\" alt=\"\" width=\"185\" height=\"300\" srcset=\"https:\/\/www.brenne-au-coeur.com\/wp-content\/uploads\/2022\/05\/livres-du-mois-4-185x300.jpg 185w, https:\/\/www.brenne-au-coeur.com\/wp-content\/uploads\/2022\/05\/livres-du-mois-4.jpg 195w\" sizes=\"auto, (max-width: 185px) 100vw, 185px\" \/><\/a><figcaption id=\"caption-attachment-1412\" class=\"wp-caption-text\">Perle de Chine<\/figcaption><\/figure>\n<p align=\"left\"><span style=\"color: #000000;\"><span style=\"font-family: Arial, sans-serif;\"><span style=\"font-size: large;\">C<\/span><\/span><\/span><span style=\"color: #000000;\"><span style=\"font-family: Arial, sans-serif;\"><span style=\"font-size: large;\">hantal a pr\u00e9sent\u00e9\u00a0:<\/span><\/span><\/span><\/p>\n<p align=\"left\"><span style=\"font-family: Arial, sans-serif;\"><span style=\"font-size: large;\"><span style=\"color: #000000;\"><i>Perle de Chine<\/i><\/span><span style=\"color: #000000;\"><i>.<\/i><\/span> <span style=\"color: #000000;\">Anchee Min. Roman.<\/span><span style=\"color: #000000;\"> 2010. <\/span><span style=\"color: #000000;\">Editeur Pygmalion. <\/span><span style=\"color: #000000;\">Livre \u00e0 la BDI,sorti.<\/span><\/span><\/span><\/p>\n<p align=\"left\"><span style=\"color: #000000;\"><span style=\"font-family: Arial, sans-serif;\"><span style=\"font-size: large;\"><i><b>\u00ab\u00a0J\u2019ai trouv\u00e9 dans ce livre, ce que j\u2019aime dans la litt\u00e9rature. Des romans plong\u00e9s dans l\u2019histoire d\u2019un pays.\u00a0\u00bb<\/b><\/i><\/span><\/span><\/span><\/p>\n<p><span style=\"font-family: Arial, sans-serif;\"><span style=\"font-size: large;\">Ecrivaine<b> <\/b>chinoise, vivant entre San Francisco et Shanghai.<\/span><\/span><\/p>\n<p><span style=\"font-family: Arial, sans-serif;\"><span style=\"font-size: large;\">N\u00e9e en 1957, elle est \u00e9galement peintre, photographe et musicienne.<\/span><\/span><\/p>\n<p><span style=\"font-family: Arial, sans-serif;\"><span style=\"font-size: large;\">Ses \u00e9crits s\u2019inspirent essentiellement de l\u2019histoire de la Chine et s\u2019appuient sur des personnages f\u00e9minins forts.<\/span><\/span><\/p>\n<p><span style=\"font-family: Arial, sans-serif;\"><span style=\"font-size: large;\">Anchee Min a v\u00e9cu 27 ans en Chine. Elle a grandi pendant la r\u00e9volution culturelle de Mao (1964-1976). A 17 ans, elle a \u00e9t\u00e9 envoy\u00e9e dans un camp de travail, puis rep\u00e9r\u00e9e par un chercheur de talents \u00e0 la solde de Mme MAO, elle a jou\u00e9 dans des films de propagande.<\/span><\/span><\/p>\n<p><span style=\"font-family: Arial, sans-serif;\"><span style=\"font-size: large;\">Elle arrivera aux Etats-Unis en 1984.<\/span><\/span><\/p>\n<p align=\"left\"><span style=\"color: #000000;\"><span style=\"font-family: Arial, sans-serif;\"><span style=\"font-size: large;\">Perle de Chine est un roman o\u00f9 la vie de Pearl Buck (1892 &#8211; 1973) est retrac\u00e9e. Les personnages et les \u00e9v\u00e9nements principaux sont r\u00e9els. <\/span><\/span><\/span><\/p>\n<p><span style=\"font-family: Arial, sans-serif;\"><span style=\"font-size: large;\">A travers la vie des deux h\u00e9ro\u00efnes, un si\u00e8cle d\u2019histoire de la Chine est illustr\u00e9 avec ses pers\u00e9cutions, ses privations et ses condamnations.<\/span><\/span><\/p>\n<figure id=\"attachment_1411\" aria-describedby=\"caption-attachment-1411\" style=\"width: 195px\" class=\"wp-caption alignleft\"><a href=\"https:\/\/www.brenne-au-coeur.com\/wp-content\/uploads\/2022\/05\/livres-du-mois-5.jpg\" rel=\"lightbox[1406]\"><img loading=\"lazy\" decoding=\"async\" class=\"wp-image-1411 size-full\" src=\"https:\/\/www.brenne-au-coeur.com\/wp-content\/uploads\/2022\/05\/livres-du-mois-5.jpg\" alt=\"\" width=\"195\" height=\"275\" \/><\/a><figcaption id=\"caption-attachment-1411\" class=\"wp-caption-text\">Jos\u00e9phine Baker<\/figcaption><\/figure>\n<p align=\"left\"><span style=\"font-family: Arial, sans-serif;\"><span style=\"font-size: large;\"><span style=\"color: #000000;\"><i><b>Jos\u00e9phine Baker. <\/b><\/i><\/span><b>Catel Bocquet.<\/b> Bande dessin\u00e9e biographie. 2019. Editeur\u00a0: Casterman. 564 pages. <span style=\"color: #000000;\">Livre de la m\u00e9diath\u00e8que de M\u00e9zi\u00e8res.<\/span><\/span><\/span><\/p>\n<p align=\"left\"><span style=\"color: #000000;\"><span style=\"font-family: Arial, sans-serif;\"><span style=\"font-size: large;\"><i><b>\u00ab\u00a0Je ne suis pas fan de Bandes-dessin\u00e9es, mais cet ouvrage, en format bouquin souple, est bien fait, tr\u00e8s document\u00e9. Les dessins sont beaux et la personnalit\u00e9 de Jos\u00e9phine Baker tout \u00e0 fait extraordinaire\u00bb a expliqu\u00e9 Yvette.<\/b><\/i><\/span><\/span><\/span><\/p>\n<p align=\"left\"><span style=\"font-family: Arial, serif;\"><span style=\"font-size: large;\">Entre glamour et humanisme, la vie tumultueuse de la premi\u00e8re star mondiale noire.<br \/>\nJos\u00e9phie Baker a 20 ans quand elle d\u00e9barque \u00e0 Paris en 1925. En une seule nuit, la petite danseuse am\u00e9ricaine devient l&rsquo;idole des Ann\u00e9es Folles, fascinant Picasso, Cocteau, Le Corbusier ou Simenon. Dans le parfum de libert\u00e9 des ann\u00e9es 1930, Jos\u00e9phine s&rsquo;impose comme la premi\u00e8re star noire \u00e0 l&rsquo;\u00e9chelle mondiale, de Buenos Aires \u00e0 Vienne, d&rsquo;Alexandrie \u00e0 Londres.<br \/>\nApr\u00e8s la guerre et son engagement dans le camp de la r\u00e9sistance fran\u00e7aise, Jos\u00e9phine d\u00e9cide de se vouer \u00e0 la lutte contre la s\u00e9gr\u00e9gation raciale. La preuve par l&rsquo;exemple&nbsp;: au cours des ann\u00e9es 1950, dans son ch\u00e2teau des Milandes, elle adopte douze orphelins d&rsquo;origines diff\u00e9rentes, la tribu arc-en-ciel.<br \/>\nElle chantera l&rsquo;amour et la libert\u00e9 jusqu&rsquo;\u00e0 son dernier souffle. <\/span><\/span><\/p>\n<figure id=\"attachment_1410\" aria-describedby=\"caption-attachment-1410\" style=\"width: 207px\" class=\"wp-caption alignright\"><a href=\"https:\/\/www.brenne-au-coeur.com\/wp-content\/uploads\/2022\/05\/livres-du-mois-6.jpg\" rel=\"lightbox[1406]\"><img loading=\"lazy\" decoding=\"async\" class=\"wp-image-1410 size-medium\" src=\"https:\/\/www.brenne-au-coeur.com\/wp-content\/uploads\/2022\/05\/livres-du-mois-6-207x300.jpg\" alt=\"\" width=\"207\" height=\"300\" srcset=\"https:\/\/www.brenne-au-coeur.com\/wp-content\/uploads\/2022\/05\/livres-du-mois-6-207x300.jpg 207w, https:\/\/www.brenne-au-coeur.com\/wp-content\/uploads\/2022\/05\/livres-du-mois-6.jpg 250w\" sizes=\"auto, (max-width: 207px) 100vw, 207px\" \/><\/a><figcaption id=\"caption-attachment-1410\" class=\"wp-caption-text\">L\u2019ange de Munich<\/figcaption><\/figure>\n<p align=\"left\"><span style=\"font-family: Arial, serif;\"><span style=\"font-size: large;\"><span style=\"color: #000000;\"><i><b>L\u2019<\/b><\/i><\/span><span style=\"color: #000000;\"><i><b>ange de Munich.<\/b><\/i><\/span> <b>Fabiano Massini. <\/b>Roman 2021. Editeur Albin Michel. 557 pages. <span style=\"color: #000000;\">Livre de la M\u00e9diath\u00e8que de M\u00e9zi\u00e8res.<\/span><\/span><\/span><\/p>\n<p align=\"left\"><span style=\"color: #000000;\"><span style=\"font-family: Arial, serif;\"><span style=\"font-size: large;\">C\u2019est le livre pr\u00e9sent\u00e9 par Jean.<\/span><\/span><\/span><\/p>\n<p align=\"left\"><span style=\"color: #000000;\"><span style=\"font-family: Arial, serif;\"><span style=\"font-size: large;\"><i><b>\u00ab\u00a0C\u2019est un roman tr\u00e8s int\u00e9ressant, une v\u00e9ritable enqu\u00eate polici\u00e8re bas\u00e9e sur une histoire vraie et m\u00e9connue.\u00a0Il se d\u00e9roule dans le milieu nazi. Je savais qu\u2019ils \u00e9taient tar\u00e9s, mais pas \u00e0 ce point\u00bb<\/b><\/i><\/span><\/span><\/span><\/p>\n<p align=\"left\"><span style=\"color: #000000;\"><span style=\"font-family: Arial, serif;\"><span style=\"font-size: large;\">Munich, 1931. Angela Raubal, 23 ans, est retrouv\u00e9e morte dans la chambre d\u2019un appartement de Prinzregentenplatz. \u00c0 c\u00f4t\u00e9 de son corps inerte, un pistolet Walther. Tout indique un suicide et pousse \u00e0 classer l\u2019affaire.<br \/>\nSauf qu\u2019Angela n\u2019est pas n\u2019importe qui. Son oncle et tuteur l\u00e9gal, avec lequel elle vivait, est le leader du parti national socialiste des travailleurs, Adolf Hitler. <\/span><\/span><\/span><\/p>\n<p align=\"left\"><span style=\"color: #000000;\"><span style=\"font-family: Arial, serif;\"><span style=\"font-size: large;\">Le choix de Gilles\u00a0:<\/span><\/span><\/span><\/p>\n<figure id=\"attachment_1409\" aria-describedby=\"caption-attachment-1409\" style=\"width: 195px\" class=\"wp-caption alignleft\"><a href=\"https:\/\/www.brenne-au-coeur.com\/wp-content\/uploads\/2022\/05\/livres-du-mois-7.jpg\" rel=\"lightbox[1406]\"><img loading=\"lazy\" decoding=\"async\" class=\"wp-image-1409 size-full\" src=\"https:\/\/www.brenne-au-coeur.com\/wp-content\/uploads\/2022\/05\/livres-du-mois-7.jpg\" alt=\"\" width=\"195\" height=\"278\" \/><\/a><figcaption id=\"caption-attachment-1409\" class=\"wp-caption-text\">Inconnu \u00e0 cette adresse<\/figcaption><\/figure>\n<p align=\"left\"><span style=\"color: #000000;\"><span style=\"font-family: Arial, serif;\"><span style=\"font-size: large;\"><i><b>Inconnu \u00e0 cette adresse.<\/b><\/i> <b>Kressman Taylor<\/b>. Nouvelles.2021. Traducteure Mich\u00e8le L\u00e9vi-Bram. 128 pages.<\/span><\/span><\/span><\/p>\n<p align=\"left\"><span style=\"color: #000000;\"><span style=\"font-family: Arial, serif;\"><span style=\"font-size: large;\"><i><b>\u00ab\u00a0C\u2019est un texte court. Une histoire \u00e9crite sous forme d\u2019\u00e9change de lettres <\/b><\/i><\/span><\/span><\/span><span style=\"color: #000000;\"><span style=\"font-family: Arial, serif;\"><span style=\"font-size: large;\"><i><b>entre deux amis,<\/b><\/i><\/span><\/span><\/span><span style=\"color: #000000;\"><span style=\"font-family: Arial, serif;\"><span style=\"font-size: large;\"><i><b> qui raconte <\/b><\/i><\/span><\/span><\/span><span style=\"color: #000000;\"><span style=\"font-family: Arial, serif;\"><span style=\"font-size: large;\"><i><b>la conversion au nazisme de l\u2019un d\u2019entre eux.\u00bb<\/b><\/i><\/span><\/span><\/span><i><b> <\/b><\/i><\/p>\n<p align=\"left\"><span style=\"font-family: Arial, serif;\"><span style=\"font-size: large;\"><span style=\"color: #000000;\">Une longue et solide complicit\u00e9 unit Max et Martin, deux associ\u00e9s marchands d&rsquo;art. <\/span><span style=\"color: #000000;\">E<\/span><span style=\"color: #000000;\">n 1932, Martin retourne vivre en Allemagne, tandis que Max, juif am\u00e9ricain, demeure en Californie.<br \/>\n\u00ab\u00a0Je crois que Hitler est bon pour le pays, mais je n&rsquo;en suis pas s\u00fbr\u00a0\u00bb, lui confie bient\u00f4t Martin.<br \/>\nUn sombre pressentiment envahit Max \u00e0 mesure que son compagnon espace leur correspondance. L&rsquo;Histoire aura-t-elle raison de leur amiti\u00e9&nbsp;? <\/span><\/span><\/span><\/p>\n<figure id=\"attachment_1408\" aria-describedby=\"caption-attachment-1408\" style=\"width: 195px\" class=\"wp-caption alignright\"><a href=\"https:\/\/www.brenne-au-coeur.com\/wp-content\/uploads\/2022\/05\/livres-du-mois-8.jpg\" rel=\"lightbox[1406]\"><img loading=\"lazy\" decoding=\"async\" class=\"wp-image-1408 size-full\" src=\"https:\/\/www.brenne-au-coeur.com\/wp-content\/uploads\/2022\/05\/livres-du-mois-8.jpg\" alt=\"\" width=\"195\" height=\"293\" \/><\/a><figcaption id=\"caption-attachment-1408\" class=\"wp-caption-text\">Nina Simone<\/figcaption><\/figure>\n<p align=\"left\"><span style=\"font-family: Arial, serif;\"><span style=\"font-size: large;\"><span style=\"color: #000000;\"><i><b>Nina Simone.<\/b><\/i><\/span><span style=\"color: #000000;\"><b> Mathilde Hirsch, Florence Noiville.<\/b><\/span><span style=\"color: #000000;\"> Biographie.2019. Editeur Taillandier. 331 pages. Livre de la BDI, actuellement \u00e0 la M\u00e9diath\u00e8que de M\u00e9zi\u00e8res.<\/span><\/span><\/span><\/p>\n<p align=\"left\"><i><b><span style=\"color: #000000;\"><span style=\"font-family: Arial, serif;\"><span style=\"font-size: large;\">\u00ab\u00a0<\/span><\/span><\/span><span style=\"color: #000000;\"><span style=\"font-family: Arial, serif;\"><span style=\"font-size: large;\">En <\/span><\/span><\/span><span style=\"color: #000000;\"><span style=\"font-family: Arial, serif;\"><span style=\"font-size: large;\">d\u00e9couvrant<\/span><\/span><\/span><span style=\"color: #000000;\"><span style=\"font-family: Arial, serif;\"><span style=\"font-size: large;\"> le parcours de cette femme, on ressent <\/span><\/span><\/span><span style=\"color: #000000;\"><span style=\"font-family: Arial, serif;\"><span style=\"font-size: large;\">une vie marqu\u00e9e par <\/span><\/span><\/span><span style=\"color: #000000;\"><span style=\"font-family: Arial, serif;\"><span style=\"font-size: large;\">beaucoup de souffrance\u00a0\u00bb, <\/span><\/span><\/span><span style=\"color: #000000;\"><span style=\"font-family: Arial, serif;\"><span style=\"font-size: large;\">explique Michel<\/span><\/span><\/span><\/b><\/i><\/p>\n<p align=\"left\"><span style=\"color: #000000;\"><span style=\"font-family: Arial, serif;\"><span style=\"font-size: large;\">Elle na\u00eet en 1933 \u00e0 Tryon, un petit bourg de Caroline du Nord . Elle est afro-am\u00e9ricaine. Son nom de famille\u00a0: Eunice, Katheen Waymon.<\/span><\/span><\/span><\/p>\n<p align=\"left\"><span style=\"font-family: Arial, serif;\"><span style=\"font-size: large;\">A 5 ans et demi, Eunice a \u00e9t\u00e9 consacr\u00e9e pianiste pour les offices religieux.<\/span><\/span><\/p>\n<p align=\"left\"><span style=\"font-family: Arial, serif;\"><span style=\"font-size: large;\">Une voisine anglaise va lui donner des cours de musique classique\u00a0: Jean S\u00e9bastien Bach, surtout, Chopin, Rachmaninov\u2026<\/span><\/span><\/p>\n<p align=\"left\"><span style=\"color: #000000;\"><span style=\"font-family: Arial, serif;\"><span style=\"font-size: large;\">Premier r\u00e9cital classique \u00e0 12 ans.<\/span><\/span><\/span><\/p>\n<p align=\"left\"><span style=\"color: #000000;\"><span style=\"font-family: Arial, serif;\"><span style=\"font-size: large;\">1951\u00a0:Elle essaie le concours d\u2019entr\u00e9e au Curtis Institut music de Philadelphie. C\u2019est un \u00e9chec. Elle l\u2019explique comme une d\u00e9cision raciale.<\/span><\/span><\/span><\/p>\n<p align=\"left\"><span style=\"color: #000000;\"><span style=\"font-family: Arial, sans-serif;\"><span style=\"font-size: large;\"><span style=\"font-family: Arial, serif;\">Dans <\/span><span style=\"font-family: Arial, serif;\">l<\/span><span style=\"font-family: Arial, serif;\">es ann\u00e9es 50, elle m\u00e9lange plusieurs musiques\u00a0: Blues, Jazz, musique<\/span><span style=\"font-family: Arial, serif;\">s<\/span><span style=\"font-family: Arial, serif;\"> classique<\/span><span style=\"font-family: Arial, serif;\">s<\/span><span style=\"font-family: Arial, serif;\"> etc.<\/span><\/span><\/span><\/span><\/p>\n<p><span style=\"font-family: Arial, serif;\"><span style=\"font-size: large;\">Dans cette p\u00e9riode elle prend son nom de sc\u00e8ne\u00a0: Nina Simone\u2026.<\/span><\/span><\/p>\n<figure id=\"attachment_1407\" aria-describedby=\"caption-attachment-1407\" style=\"width: 195px\" class=\"wp-caption alignleft\"><a href=\"https:\/\/www.brenne-au-coeur.com\/wp-content\/uploads\/2022\/05\/livres-du-mois-9.jpg\" rel=\"lightbox[1406]\"><img loading=\"lazy\" decoding=\"async\" class=\"wp-image-1407 size-medium\" src=\"https:\/\/www.brenne-au-coeur.com\/wp-content\/uploads\/2022\/05\/livres-du-mois-9-195x300.jpg\" alt=\"\" width=\"195\" height=\"300\" srcset=\"https:\/\/www.brenne-au-coeur.com\/wp-content\/uploads\/2022\/05\/livres-du-mois-9-195x300.jpg 195w, https:\/\/www.brenne-au-coeur.com\/wp-content\/uploads\/2022\/05\/livres-du-mois-9.jpg 250w\" sizes=\"auto, (max-width: 195px) 100vw, 195px\" \/><\/a><figcaption id=\"caption-attachment-1407\" class=\"wp-caption-text\">La plus secr\u00e8te m\u00e9moire des hommes<\/figcaption><\/figure>\n<p>&nbsp;<\/p>\n<p><span style=\"font-family: Arial, sans-serif;\"><span style=\"font-size: large;\"><b><span style=\"color: #000000;\"><i>La plus secr\u00e8te m\u00e9moire des hommes.<\/i><\/span> Mohamed Mbougar Sarr. <\/b>Roman. 2021. Editeur\u00a0: Philippe Rey Yimsaan. 459 pages. <span style=\"color: #000000;\">Livre de la<\/span> <span style=\"color: #000000;\">Bdi, actuellement \u00e0 la M\u00e9diath\u00e8que de M\u00e9zi\u00e8res.<\/span><\/span><\/span><\/p>\n<p><span style=\"color: #000000;\"><span style=\"font-family: Arial, sans-serif;\"><span style=\"font-size: large;\">Le dernier livre, propos\u00e9 par Philippe<\/span><\/span><\/span><\/p>\n<p><span style=\"color: #000000;\"><span style=\"font-family: Arial, sans-serif;\"><span style=\"font-size: large;\"><i><b>\u00ab\u00a0C\u2019est un bouquin \u00e9tonnant par le style d\u2019\u00e9criture, la construction et l\u2019intrigue qui m\u00ealent une quantit\u00e9 impressionnante de sujets\u00a0\u00bb<\/b><\/i><\/span><\/span><\/span><\/p>\n<p align=\"left\"><span style=\"color: #000000;\"><span style=\"font-family: Arial, sans-serif;\"><span style=\"font-size: large;\">En 2018, Di\u00e9gane Latyr Faye, jeune \u00e9crivain s\u00e9n\u00e9galais, d\u00e9couvre \u00e0 Paris un livre mythique, paru en 1938&nbsp;: Le labyrinthe de l\u2019inhumain. On a perdu la trace de son auteur, qualifi\u00e9 en son temps de \u00ab&nbsp;Rimbaud n\u00e8gre&nbsp;\u00bb, depuis le scandale que d\u00e9clencha la parution de son texte. Di\u00e9gane s\u2019engage alors, fascin\u00e9, sur la piste du myst\u00e9rieux T.C. Elimane, se confrontant aux grandes trag\u00e9dies que sont le colonialisme ou la Shoah. Du S\u00e9n\u00e9gal \u00e0 la France en passant par l\u2019Argentine, quelle v\u00e9rit\u00e9 l\u2019attend au centre de ce labyrinthe&nbsp;? <\/span><\/span><\/span><\/p>\n","protected":false},"excerpt":{"rendered":"<p>Ce sont les livres pr\u00e9sent\u00e9s le troisi\u00e8me mardi de chaque mois, \u00e0 la r\u00e9union du club de lecture de M\u00e9zi\u00e8res-en-Brenne. Les participants \u00e0 ces rencontres parlent des ouvrages qu\u2019ils ont aim\u00e9s. Un rendez-vous mensuel informel, ouvert \u00e0 toute personne amoureuse de litt\u00e9rature, et appr\u00e9ciant le partage des \u00e9motions, des coups de c\u0153ur. Le mardi 19&hellip;&nbsp;<a href=\"https:\/\/www.brenne-au-coeur.com\/index.php\/2022\/05\/02\/les-livres-du-mois\/communes\/mezieres-en-brenne\/1406\/\" rel=\"bookmark\">Lire la suite&nbsp;&raquo;<span class=\"screen-reader-text\">Les livres du mois (05\/22)<\/span><\/a><\/p>\n","protected":false},"author":1,"featured_media":1411,"comment_status":"open","ping_status":"open","sticky":false,"template":"","format":"standard","meta":{"rop_custom_images_group":[],"rop_custom_messages_group":[],"rop_publish_now":"initial","rop_publish_now_accounts":[],"rop_publish_now_history":[],"rop_publish_now_status":"pending","_monsterinsights_skip_tracking":false,"_monsterinsights_sitenote_active":false,"_monsterinsights_sitenote_note":"","_monsterinsights_sitenote_category":0,"neve_meta_sidebar":"","neve_meta_container":"","neve_meta_enable_content_width":"off","neve_meta_content_width":70,"neve_meta_title_alignment":"","neve_meta_author_avatar":"","neve_post_elements_order":"","neve_meta_disable_header":"","neve_meta_disable_footer":"","neve_meta_disable_title":"","_jetpack_memberships_contains_paid_content":false,"footnotes":"","jetpack_publicize_message":"","jetpack_publicize_feature_enabled":true,"jetpack_social_post_already_shared":false,"jetpack_social_options":{"image_generator_settings":{"template":"highway","default_image_id":0,"font":"","enabled":false},"version":2}},"categories":[70,12],"tags":[39],"class_list":["post-1406","post","type-post","status-publish","format-standard","has-post-thumbnail","hentry","category-a-lire","category-mezieres-en-brenne","tag-litterature"],"aioseo_notices":[],"jetpack_publicize_connections":[],"jetpack_featured_media_url":"https:\/\/www.brenne-au-coeur.com\/wp-content\/uploads\/2022\/05\/livres-du-mois-5.jpg","jetpack-related-posts":[],"jetpack_sharing_enabled":true,"_links":{"self":[{"href":"https:\/\/www.brenne-au-coeur.com\/index.php\/wp-json\/wp\/v2\/posts\/1406","targetHints":{"allow":["GET"]}}],"collection":[{"href":"https:\/\/www.brenne-au-coeur.com\/index.php\/wp-json\/wp\/v2\/posts"}],"about":[{"href":"https:\/\/www.brenne-au-coeur.com\/index.php\/wp-json\/wp\/v2\/types\/post"}],"author":[{"embeddable":true,"href":"https:\/\/www.brenne-au-coeur.com\/index.php\/wp-json\/wp\/v2\/users\/1"}],"replies":[{"embeddable":true,"href":"https:\/\/www.brenne-au-coeur.com\/index.php\/wp-json\/wp\/v2\/comments?post=1406"}],"version-history":[{"count":0,"href":"https:\/\/www.brenne-au-coeur.com\/index.php\/wp-json\/wp\/v2\/posts\/1406\/revisions"}],"wp:featuredmedia":[{"embeddable":true,"href":"https:\/\/www.brenne-au-coeur.com\/index.php\/wp-json\/wp\/v2\/media\/1411"}],"wp:attachment":[{"href":"https:\/\/www.brenne-au-coeur.com\/index.php\/wp-json\/wp\/v2\/media?parent=1406"}],"wp:term":[{"taxonomy":"category","embeddable":true,"href":"https:\/\/www.brenne-au-coeur.com\/index.php\/wp-json\/wp\/v2\/categories?post=1406"},{"taxonomy":"post_tag","embeddable":true,"href":"https:\/\/www.brenne-au-coeur.com\/index.php\/wp-json\/wp\/v2\/tags?post=1406"}],"curies":[{"name":"wp","href":"https:\/\/api.w.org\/{rel}","templated":true}]}}