{"id":1392,"date":"2022-04-27T18:06:19","date_gmt":"2022-04-27T16:06:19","guid":{"rendered":"https:\/\/www.brenne-au-coeur.com\/?p=1392"},"modified":"2022-05-14T15:45:09","modified_gmt":"2022-05-14T13:45:09","slug":"differemment-capable","status":"publish","type":"post","link":"https:\/\/www.brenne-au-coeur.com\/index.php\/2022\/04\/27\/differemment-capable\/communes\/azay-le-ferron-communes\/1392\/","title":{"rendered":"Diff\u00e9remment capable"},"content":{"rendered":"<figure id=\"attachment_1396\" aria-describedby=\"caption-attachment-1396\" style=\"width: 300px\" class=\"wp-caption alignleft\"><a href=\"https:\/\/www.brenne-au-coeur.com\/wp-content\/uploads\/2022\/04\/danse-integrante-01.jpg\" rel=\"lightbox[1392]\"><img loading=\"lazy\" decoding=\"async\" class=\"wp-image-1396 size-medium\" title=\"Diff\u00e9remment capable\" src=\"https:\/\/www.brenne-au-coeur.com\/wp-content\/uploads\/2022\/04\/danse-integrante-01-300x202.jpg\" alt=\"\" width=\"300\" height=\"202\" srcset=\"https:\/\/www.brenne-au-coeur.com\/wp-content\/uploads\/2022\/04\/danse-integrante-01-300x202.jpg 300w, https:\/\/www.brenne-au-coeur.com\/wp-content\/uploads\/2022\/04\/danse-integrante-01-1024x688.jpg 1024w, https:\/\/www.brenne-au-coeur.com\/wp-content\/uploads\/2022\/04\/danse-integrante-01-768x516.jpg 768w, https:\/\/www.brenne-au-coeur.com\/wp-content\/uploads\/2022\/04\/danse-integrante-01-272x182.jpg 272w, https:\/\/www.brenne-au-coeur.com\/wp-content\/uploads\/2022\/04\/danse-integrante-01.jpg 1200w\" sizes=\"auto, (max-width: 300px) 100vw, 300px\" \/><\/a><figcaption id=\"caption-attachment-1396\" class=\"wp-caption-text\">Photo&nbsp;: Gilles Froger<\/figcaption><\/figure>\n<p><span style=\"font-size: large;\">\u00ab\u00a0Ma vie sans bal\u00a0\u00bb, conf\u00e9rence dans\u00e9e, met en sc\u00e8ne deux danseurs, dont l\u2019un est en fauteuil roulant. Ce mardi 12 avril \u00e0 la salle des f\u00eates d\u2019Azay-le-Ferron, Eric Languet et Wilson Payet de la Compagnie \u00ab\u00a0<a href=\"http:\/\/www.danses-en-l-r.com\/la-compagnie\/dlr\/\">Danse en l\u2019<\/a><\/span><span style=\"font-size: large;\">R<\/span><span style=\"font-size: large;\">\u00a0\u00bb ont livr\u00e9 en mots et en mouvements, <\/span><span style=\"font-size: large;\">une<\/span><span style=\"font-size: large;\"> vision <\/span><span style=\"font-size: large;\">humaniste<\/span><span style=\"font-size: large;\"> de leur discipline.<\/span> <span style=\"font-size: large;\">La <\/span><span style=\"font-size: large;\">danse int\u00e9grante,<\/span><span style=\"font-size: large;\"> pratique de la danse sans exclusive.<\/span><\/p>\n<p><span style=\"font-size: large;\">\u00ab\u00a0<\/span><span style=\"font-size: large;\"><i>Wilson, comme d\u2019habitude a pris un peu de retard. Il ne va pas tarder\u00a0<\/i><\/span><span style=\"font-size: large;\">\u00bb. Eric Languet entame la conf\u00e9rence dans\u00e9e. <\/span><span style=\"font-size: large;\">Devant lui, <\/span><span style=\"font-size: large;\">une <\/span><span style=\"font-size: large;\">petite table <\/span><span style=\"font-size: large;\">o\u00f9 il a dispos\u00e9 quelques feuilles<\/span><span style=\"font-size: large;\"> et \u00e0 ses c\u00f4t\u00e9s, un fauteuil roulant.<\/span> <span style=\"font-size: large;\">Il <\/span><span style=\"font-size: large;\">commence \u00e0 expliquer la gen\u00e8se de <\/span><span style=\"font-size: large;\">leur projet artistique.<\/span><span style=\"font-size: large;\"> Tandis qu\u2019il poursuit son propos, Wilson appara\u00eet, rampant, priv\u00e9 apparemment de ses membres. <\/span><span style=\"font-size: large;\">Il progresse p\u00e9niblement, traverse l\u2019espace sc\u00e9nique, puis fait jaillir ses bras et ses deux jambes atrophi\u00e9es. Il se dirige vers le fauteuil qu\u2019il d\u00e9sosse et exp\u00e9die au fond de la salle, comme pour se lib\u00e9rer du symbole de son handicap. Progressivement, il encha\u00eene les mouvements. Eric le rejoint. <\/span><span style=\"font-size: large;\">La danse les unit. <\/span><span style=\"font-size: large;\">Ils se rencontrent, s\u2019enlacent, se s\u00e9parent. Tous les deux a<\/span><span style=\"font-size: large;\">u sol, <\/span><span style=\"font-size: large;\">ou<\/span> <span style=\"font-size: large;\">Eric debout et<\/span><span style=\"font-size: large;\"> Wilson dans son fauteuil reconstitu\u00e9. La gestuelle prend le pas sur les mots. <\/span><span style=\"font-size: large;\">L<\/span><span style=\"font-size: large;\">a chor\u00e9graphie parfois dr\u00f4le est toujours saisissante. <\/span><span style=\"font-size: large;\">L\u2019a<\/span><span style=\"font-size: large;\">rtiste handicap\u00e9 <\/span><span style=\"font-size: large;\">et le valide offre un spectacle harmonieux, d\u2019une extr\u00eame sensualit\u00e9.<\/span><\/p>\n<figure id=\"attachment_1395\" aria-describedby=\"caption-attachment-1395\" style=\"width: 300px\" class=\"wp-caption alignright\"><a href=\"https:\/\/www.brenne-au-coeur.com\/wp-content\/uploads\/2022\/04\/danse-integrante-02.jpg\" rel=\"lightbox[1392]\"><img loading=\"lazy\" decoding=\"async\" class=\"wp-image-1395 size-medium\" src=\"https:\/\/www.brenne-au-coeur.com\/wp-content\/uploads\/2022\/04\/danse-integrante-02-300x203.jpg\" alt=\"\" width=\"300\" height=\"203\" srcset=\"https:\/\/www.brenne-au-coeur.com\/wp-content\/uploads\/2022\/04\/danse-integrante-02-300x203.jpg 300w, https:\/\/www.brenne-au-coeur.com\/wp-content\/uploads\/2022\/04\/danse-integrante-02-1024x694.jpg 1024w, https:\/\/www.brenne-au-coeur.com\/wp-content\/uploads\/2022\/04\/danse-integrante-02-768x520.jpg 768w, https:\/\/www.brenne-au-coeur.com\/wp-content\/uploads\/2022\/04\/danse-integrante-02.jpg 1200w\" sizes=\"auto, (max-width: 300px) 100vw, 300px\" \/><\/a><figcaption id=\"caption-attachment-1395\" class=\"wp-caption-text\">Photo&nbsp;: Gilles Froger<\/figcaption><\/figure>\n<p><span style=\"font-size: large;\"><\/span><span style=\"font-size: large;\">Une performance qui bouscule l\u2019id\u00e9e que l\u2019on se fait de la danse. C\u2019est pr\u00e9cis\u00e9ment<\/span> <span style=\"font-size: large;\">la raison d\u2019exister le la troupe \u00ab\u00a0Danse en l\u2019R\u00a0\u00bb. Briser les tabous, abolir les fronti\u00e8res entre les individus. L\u2019objectif de la compagnie est <\/span><span style=\"font-size: large;\">d\u2019associer des <\/span><span style=\"font-size: large;\">hommes et des femmes quels que soient leurs physiques. La danse int\u00e9grante rassemble valides et handicap\u00e9s, amateurs et professionnels, novices ou exp\u00e9riment\u00e9s,<\/span><span style=\"font-size: large;\"> pour qu\u2019ils lib<\/span><\/p>\n<p><span style=\"font-size: large;\">\u00e8rent leur potentiel de cr\u00e9ativit\u00e9. \u00ab\u00a0<\/span><span style=\"font-size: large;\"><i>Nous ne voulons donner de le\u00e7ons \u00e0 personnes explique Eric, mais <\/i><\/span><span style=\"font-size: large;\"><i>d\u00e9montrer que les handicap\u00e9s on leur<\/i><\/span><\/p>\n<figure id=\"attachment_1394\" aria-describedby=\"caption-attachment-1394\" style=\"width: 300px\" class=\"wp-caption alignleft\"><a href=\"https:\/\/www.brenne-au-coeur.com\/wp-content\/uploads\/2022\/04\/danse-integrante-03.jpg\" rel=\"lightbox[1392]\"><img loading=\"lazy\" decoding=\"async\" class=\"wp-image-1394 size-medium\" src=\"https:\/\/www.brenne-au-coeur.com\/wp-content\/uploads\/2022\/04\/danse-integrante-03-300x202.jpg\" alt=\"\" width=\"300\" height=\"202\" srcset=\"https:\/\/www.brenne-au-coeur.com\/wp-content\/uploads\/2022\/04\/danse-integrante-03-300x202.jpg 300w, https:\/\/www.brenne-au-coeur.com\/wp-content\/uploads\/2022\/04\/danse-integrante-03-1024x688.jpg 1024w, https:\/\/www.brenne-au-coeur.com\/wp-content\/uploads\/2022\/04\/danse-integrante-03-768x516.jpg 768w, https:\/\/www.brenne-au-coeur.com\/wp-content\/uploads\/2022\/04\/danse-integrante-03-272x182.jpg 272w, https:\/\/www.brenne-au-coeur.com\/wp-content\/uploads\/2022\/04\/danse-integrante-03.jpg 1200w\" sizes=\"auto, (max-width: 300px) 100vw, 300px\" \/><\/a><figcaption id=\"caption-attachment-1394\" class=\"wp-caption-text\">Photo&nbsp;: Gilles Froger<\/figcaption><\/figure>\n<p><span style=\"font-size: large;\"><i>place partout.<\/i><\/span><i> <\/i><span style=\"font-size: large;\"><i>Un bon spectacle vaut mieux que de longs discours\u00a0<\/i><\/span><span style=\"font-size: large;\">\u00bb <\/span><span style=\"font-size: large;\">affirme-t-il. <\/span><span style=\"font-size: large;\">Il s\u2019agit <\/span><span style=\"font-size: large;\">aussi <\/span><span style=\"font-size: large;\">de montrer que la soci\u00e9t\u00e9 \u00e0 tout \u00e0 gagner en assurant toute leur place aux personnes en situation de handicap. <\/span><span style=\"font-size: large;\">La d\u00e9marche artistique est n\u00e9anmoins militante. <\/span><span style=\"font-size: large;\">Un engagement<\/span><span style=\"font-size: large;\"> pour obtenir l\u2019entr\u00e9e des handicap\u00e9s dans les conservatoires de danse et leur ouvrir la possibilit\u00e9 d\u2019enseigner. Comme tout un chacun ils ont l\u2019aptitude \u00e0 apprendre, \u00e0 d\u00e9velopper leur potentiel. \u00ab\u00a0<\/span><span style=\"font-size: large;\"><i>Je dirais qu\u2019ils sont diff\u00e9remment capables\u00a0<\/i><\/span><span style=\"font-size: large;\">\u00bb r\u00e9sume Eric. <\/span><span style=\"font-size: large;\">\u00c0<\/span><span style=\"font-size: large;\"> la suite de leur prestation, <\/span><span style=\"font-size: large;\">les deux danseurs <\/span><span style=\"font-size: large;\">engagent le d\u00e9bat avec le publi<\/span><span style=\"font-size: large;\">c<\/span><span style=\"font-size: large;\">. <\/span><span style=\"font-size: large;\">\u00c0 la question\u00a0: est-ce que la vie est difficile pour un handicap\u00e9\u00a0? Wilson racontera une anecdote qui en dit long sur le chemin <\/span><span style=\"font-size: large;\">qu\u2019il reste <\/span><span style=\"font-size: large;\">\u00e0 parcourir. \u00ab\u00a0<\/span><span style=\"font-size: large;\">Le jour o\u00f9 je me suis inscrit pour <\/span><span style=\"font-size: large;\"> passer <\/span><span style=\"font-size: large;\">m<\/span><span style=\"font-size: large;\">on permis de conduire, le directeur <\/span><span style=\"font-size: large;\">me<\/span><span style=\"font-size: large;\"> demande <\/span><span style=\"font-size: large;\">m<\/span><span style=\"font-size: large;\">a profession. <\/span><span style=\"font-size: large;\">Je lui <\/span><span style=\"font-size: large;\">r\u00e9pon<\/span><span style=\"font-size: large;\">ds\u00a0:<\/span><span style=\"font-size: large;\"> danseur. Le directeur <\/span><span style=\"font-size: large;\">me<\/span><span style=\"font-size: large;\"> r\u00e9torque. <\/span><span style=\"font-size: large;\">J<\/span><span style=\"font-size: large;\">e ne vous demande pas votre loisir, mais votre profession. Je suis danseur professionnel. <\/span><span style=\"font-size: large;\">Oui, m<\/span><span style=\"font-size: large;\">ais votre vrai m\u00e9tier\u00a0? <\/span><span style=\"font-size: large;\">Alors oui, ce n\u2019est pas facile tous les jours\u00a0\u00bb, conclut Wilson<\/span><span style=\"font-size: large;\">\u00a0 \u00ab\u00a0<\/span><span style=\"font-size: large;\"><i>D\u2019ailleurs, relance Eric en s\u2019adressant aux <\/i><\/span><span style=\"font-size: large;\"><i>jeunes pr\u00e9sents dans la salle, <\/i><\/span><span style=\"font-size: large;\"><i>vous avez <\/i><\/span><span style=\"font-size: large;\"><i> pu <\/i><\/span><span style=\"font-size: large;\"><i>vous confronter<\/i><\/span><span style=\"font-size: large;\"><i> aux obstacles du quotidien dress\u00e9s devant les personnes <\/i><\/span><span style=\"font-size: large;\"><i>handicap\u00e9es<\/i><\/span><span style=\"font-size: large;\">\u00a0\u00bb.<\/span><\/p>\n<p><span style=\"font-size: large;\">Les adolescents participants aux animations propos\u00e9es par l\u2019Acceuil <\/span><span style=\"font-size: large;\">L<\/span><span style=\"font-size: large;\">oisirs de la communaut\u00e9 de communes \u00ab\u00a0Coeur de Brenne\u00a0\u00bb ont <\/span><span style=\"font-size: large;\">en effet,<\/span><span style=\"font-size: large;\"> \u00e9t\u00e9 invit\u00e9s le matin \u00e0 \u00e9voluer <\/span><span style=\"font-size: large;\">dans les locaux de la m\u00e9diath\u00e8que d\u2019Azay-le-Ferron, en fauteuil roulant ou les yeux band\u00e9s. \u00ab\u00a0 <\/span><span style=\"font-size: large;\"><i>L\u2019objectif \u00e9tait de les sensibiliser aux handicaps. Les jeunes, ont d\u2019autant plus appr\u00e9ci\u00e9 ce spectacle, et les artistes avec qui ils ont pu discuter en fin de repr\u00e9sentation <\/i><\/span><span style=\"font-size: large;\">\u00a0\u00bb, explique <\/span><span style=\"font-size: large;\">Pierre <\/span><span style=\"font-size: large;\">Trouv\u00e9, responsable de l\u2019Accueil Jeunes<\/span><span style=\"font-size: large;\">.<\/span><\/p>\n<p><span style=\"font-size: large;\">C<\/span><span style=\"font-size: large;\">aroline, responsable de la M\u00e9diath\u00e8que se r\u00e9jouit de la r\u00e9ussite de cette initiative. \u00ab&nbsp;<\/span><span style=\"font-size: large;\"><i>Le but est de sensibiliser le public autour d\u2019un projet culture et sant\u00e9 <\/i><\/span><span style=\"font-size: large;\"><i>men\u00e9 conjointement avec le <a href=\"https:\/\/www.parc-naturel-brenne.fr\/\">Parc Naturel R\u00e9gional <\/a><\/i><\/span><span style=\"font-size: large;\"><i>de la Brenne<\/i><\/span><span style=\"font-size: large;\"><i>. La conf\u00e9rence dans\u00e9e est une partie du programme concernant la danse int\u00e9grante. Trois ateliers sont propos\u00e9s proch<\/i><\/span><span style=\"font-size: large;\"><i>ai<\/i><\/span><span style=\"font-size: large;\"><i>nement par la danseuse et chor\u00e9graphe Louise Casy de la compagnie \u00ab\u00a0Collectif Mondo<\/i><\/span><span style=\"font-size: large;\">\u00a0\u00bb. <\/span><\/p>\n<p>&nbsp;<\/p>\n<figure id=\"attachment_1393\" aria-describedby=\"caption-attachment-1393\" style=\"width: 352px\" class=\"wp-caption alignleft\"><a href=\"https:\/\/www.brenne-au-coeur.com\/wp-content\/uploads\/2022\/04\/danse-integrante-04.jpg\" rel=\"lightbox[1392]\"><img loading=\"lazy\" decoding=\"async\" class=\"wp-image-1393\" src=\"https:\/\/www.brenne-au-coeur.com\/wp-content\/uploads\/2022\/04\/danse-integrante-04-300x202.jpg\" alt=\"\" width=\"352\" height=\"237\" srcset=\"https:\/\/www.brenne-au-coeur.com\/wp-content\/uploads\/2022\/04\/danse-integrante-04-300x202.jpg 300w, https:\/\/www.brenne-au-coeur.com\/wp-content\/uploads\/2022\/04\/danse-integrante-04-1024x688.jpg 1024w, https:\/\/www.brenne-au-coeur.com\/wp-content\/uploads\/2022\/04\/danse-integrante-04-768x516.jpg 768w, https:\/\/www.brenne-au-coeur.com\/wp-content\/uploads\/2022\/04\/danse-integrante-04-272x182.jpg 272w, https:\/\/www.brenne-au-coeur.com\/wp-content\/uploads\/2022\/04\/danse-integrante-04.jpg 1200w\" sizes=\"auto, (max-width: 352px) 100vw, 352px\" \/><\/a><figcaption id=\"caption-attachment-1393\" class=\"wp-caption-text\">Compagnie \u00ab\u00a0Danse en l\u2019R\u00a0\u00bb. Photo&nbsp;: Gilles Froger<\/figcaption><\/figure>\n<p><span style=\"font-size: large;\">La compagnie est cr\u00e9\u00e9e en 1998 sur l\u2019Ile de la R\u00e9union par Eric Languet. Elle propose \u00ab&nbsp;\u00e0 partir de cheminements collectifs, un travail de mise en espace de tableaux vivants charnels et d\u00e9brid\u00e9s&nbsp;\u00bb. De nombreux projets de collaborations ont \u00e9t\u00e9 men\u00e9s avec des pays de l\u2019h\u00e9misph\u00e8re sud et de l\u2019Oc\u00e9an Indien (Mozambique, Madagascar, Afrique du Sud, Maurice, Nouvelle Z\u00e9lande, Inde \u2026)<\/span><\/p>\n<p><span style=\"font-size: large;\">Eric Languet a \u00e9tudi\u00e9 an Conservatoire \u00e0 Rayonnement R\u00e9gional (CNR) de Rueil-Malmaison. Cette formation classique l&rsquo;a men\u00e9 notamment, \u00e0 l\u2019Op\u00e9ra de Paris. De nombreuses rencontres influent sur sa carri\u00e8re et son travail. Parmi les plus d\u00e9terminantes, il cite celle de David Toole, danseur n\u00e9 sans jambe.<\/span><\/p>\n<p><span style=\"font-size: large;\">Wilson Payet quant \u00e0 lui, est issu du monde sportif. Il se distingue dans les comp\u00e9titions handisport. Il commence la danse \u00e0 l\u2019Institution d\u2019\u00e9ducation motrice de Saint-Louis (R\u00e9union).<\/span><\/p>\n<p>Philippe Gitton<\/p>\n","protected":false},"excerpt":{"rendered":"<p>\u00ab\u00a0Ma vie sans bal\u00a0\u00bb, conf\u00e9rence dans\u00e9e, met en sc\u00e8ne deux danseurs, dont l\u2019un est en fauteuil roulant. Ce mardi 12 avril \u00e0 la salle des f\u00eates d\u2019Azay-le-Ferron, Eric Languet et Wilson Payet de la Compagnie \u00ab\u00a0Danse en l\u2019R\u00a0\u00bb ont livr\u00e9 en mots et en mouvements, une vision humaniste de leur discipline. La danse int\u00e9grante, pratique&hellip;&nbsp;<a href=\"https:\/\/www.brenne-au-coeur.com\/index.php\/2022\/04\/27\/differemment-capable\/communes\/azay-le-ferron-communes\/1392\/\" rel=\"bookmark\">Lire la suite&nbsp;&raquo;<span class=\"screen-reader-text\">Diff\u00e9remment capable<\/span><\/a><\/p>\n","protected":false},"author":1,"featured_media":1394,"comment_status":"open","ping_status":"open","sticky":false,"template":"","format":"standard","meta":{"rop_custom_images_group":[],"rop_custom_messages_group":[],"rop_publish_now":"initial","rop_publish_now_accounts":[],"rop_publish_now_history":[],"rop_publish_now_status":"pending","_monsterinsights_skip_tracking":false,"_monsterinsights_sitenote_active":false,"_monsterinsights_sitenote_note":"","_monsterinsights_sitenote_category":0,"neve_meta_sidebar":"","neve_meta_container":"","neve_meta_enable_content_width":"off","neve_meta_content_width":70,"neve_meta_title_alignment":"","neve_meta_author_avatar":"","neve_post_elements_order":"","neve_meta_disable_header":"","neve_meta_disable_footer":"","neve_meta_disable_title":"","_jetpack_memberships_contains_paid_content":false,"footnotes":"","jetpack_publicize_message":"","jetpack_publicize_feature_enabled":true,"jetpack_social_post_already_shared":false,"jetpack_social_options":{"image_generator_settings":{"template":"highway","default_image_id":0,"font":"","enabled":false},"version":2}},"categories":[10],"tags":[84],"class_list":["post-1392","post","type-post","status-publish","format-standard","has-post-thumbnail","hentry","category-azay-le-ferron-communes","tag-conference"],"aioseo_notices":[],"jetpack_publicize_connections":[],"jetpack_featured_media_url":"https:\/\/www.brenne-au-coeur.com\/wp-content\/uploads\/2022\/04\/danse-integrante-03.jpg","jetpack-related-posts":[],"jetpack_sharing_enabled":true,"_links":{"self":[{"href":"https:\/\/www.brenne-au-coeur.com\/index.php\/wp-json\/wp\/v2\/posts\/1392","targetHints":{"allow":["GET"]}}],"collection":[{"href":"https:\/\/www.brenne-au-coeur.com\/index.php\/wp-json\/wp\/v2\/posts"}],"about":[{"href":"https:\/\/www.brenne-au-coeur.com\/index.php\/wp-json\/wp\/v2\/types\/post"}],"author":[{"embeddable":true,"href":"https:\/\/www.brenne-au-coeur.com\/index.php\/wp-json\/wp\/v2\/users\/1"}],"replies":[{"embeddable":true,"href":"https:\/\/www.brenne-au-coeur.com\/index.php\/wp-json\/wp\/v2\/comments?post=1392"}],"version-history":[{"count":0,"href":"https:\/\/www.brenne-au-coeur.com\/index.php\/wp-json\/wp\/v2\/posts\/1392\/revisions"}],"wp:featuredmedia":[{"embeddable":true,"href":"https:\/\/www.brenne-au-coeur.com\/index.php\/wp-json\/wp\/v2\/media\/1394"}],"wp:attachment":[{"href":"https:\/\/www.brenne-au-coeur.com\/index.php\/wp-json\/wp\/v2\/media?parent=1392"}],"wp:term":[{"taxonomy":"category","embeddable":true,"href":"https:\/\/www.brenne-au-coeur.com\/index.php\/wp-json\/wp\/v2\/categories?post=1392"},{"taxonomy":"post_tag","embeddable":true,"href":"https:\/\/www.brenne-au-coeur.com\/index.php\/wp-json\/wp\/v2\/tags?post=1392"}],"curies":[{"name":"wp","href":"https:\/\/api.w.org\/{rel}","templated":true}]}}