{"id":1381,"date":"2022-04-24T18:52:42","date_gmt":"2022-04-24T16:52:42","guid":{"rendered":"https:\/\/www.brenne-au-coeur.com\/?p=1381"},"modified":"2022-05-14T15:48:35","modified_gmt":"2022-05-14T13:48:35","slug":"rock-et-brocante-a-sainte-gemme","status":"publish","type":"post","link":"https:\/\/www.brenne-au-coeur.com\/index.php\/2022\/04\/24\/rock-et-brocante-a-sainte-gemme\/communes\/sainte-gemme\/1381\/","title":{"rendered":"Rock et Brocante \u00e0 Sainte-Gemme"},"content":{"rendered":"<figure id=\"attachment_1383\" aria-describedby=\"caption-attachment-1383\" style=\"width: 300px\" class=\"wp-caption alignleft\"><a href=\"https:\/\/www.brenne-au-coeur.com\/wp-content\/uploads\/2022\/04\/rock-et-brocante-3.resized.jpg\" rel=\"lightbox[1381]\"><img loading=\"lazy\" decoding=\"async\" class=\"wp-image-1383 size-medium\" src=\"https:\/\/www.brenne-au-coeur.com\/wp-content\/uploads\/2022\/04\/rock-et-brocante-3.resized-300x225.jpg\" alt=\"\" width=\"300\" height=\"225\" srcset=\"https:\/\/www.brenne-au-coeur.com\/wp-content\/uploads\/2022\/04\/rock-et-brocante-3.resized-300x225.jpg 300w, https:\/\/www.brenne-au-coeur.com\/wp-content\/uploads\/2022\/04\/rock-et-brocante-3.resized.jpg 403w\" sizes=\"auto, (max-width: 300px) 100vw, 300px\" \/><\/a><figcaption id=\"caption-attachment-1383\" class=\"wp-caption-text\">Brocante \u00e0 Sainte-Gemme<\/figcaption><\/figure>\n<p><span style=\"font-size: large;\"> Ce dimanche 24 avril, la place du village de Sainte-Gemme a retrouv\u00e9 un petit air <\/span><span style=\"font-size: large;\">festif et musical<\/span><span style=\"font-size: large;\">. Malgr\u00e9 <\/span><span style=\"font-size: large;\">la pluie matinale et<\/span><span style=\"font-size: large;\"> le ciel <\/span><span style=\"font-size: large;\">toujours<\/span><span style=\"font-size: large;\"> mena\u00e7ant, le centre du bourg accueillait une trentaine de stands. <\/span><span style=\"font-size: large;\">E<\/span><span style=\"font-size: large;\">n fin de matin\u00e9e, <\/span><span style=\"font-size: large;\">la terrasse du caf\u00e9 <\/span><span style=\"font-size: large;\">s\u2019<\/span><span style=\"font-size: large;\">animait avec<\/span><span style=\"font-size: large;\"> l<\/span><span style=\"font-size: large;\">a <\/span><span style=\"font-size: large;\">musique du groupe Choron and Co.<\/span><\/p>\n<figure id=\"attachment_1384\" aria-describedby=\"caption-attachment-1384\" style=\"width: 300px\" class=\"wp-caption alignright\"><a href=\"https:\/\/www.brenne-au-coeur.com\/wp-content\/uploads\/2022\/04\/rock-et-brocante-2.resized.jpg\" rel=\"lightbox[1381]\"><img loading=\"lazy\" decoding=\"async\" class=\"wp-image-1384 size-medium\" src=\"https:\/\/www.brenne-au-coeur.com\/wp-content\/uploads\/2022\/04\/rock-et-brocante-2.resized-300x225.jpg\" alt=\"\" width=\"300\" height=\"225\" srcset=\"https:\/\/www.brenne-au-coeur.com\/wp-content\/uploads\/2022\/04\/rock-et-brocante-2.resized-300x225.jpg 300w, https:\/\/www.brenne-au-coeur.com\/wp-content\/uploads\/2022\/04\/rock-et-brocante-2.resized.jpg 403w\" sizes=\"auto, (max-width: 300px) 100vw, 300px\" \/><\/a><figcaption id=\"caption-attachment-1384\" class=\"wp-caption-text\">AFM T\u00e9l\u00e9thon<\/figcaption><\/figure>\n<p><span style=\"font-size: large;\">Pour la premi\u00e8re fois, depuis la \u00ab\u00a0p\u00e9riode COVID\u00a0\u00bb, l\u2019\u00ab\u00a0association des anciens \u00e9l\u00e8ves et amis de l\u2019\u00e9cole de Sainte-Gemme\u00a0\u00bb, <\/span><span style=\"font-size: large;\">organisait la traditionnelle brocante vide-grenier. <\/span><span style=\"font-size: large;\">Les exposants ont retrouv\u00e9 leur emplacement dans les ruelles du village. <\/span><span style=\"font-size: large;\"> Man\u00e8ge pour enfants, tir \u00e0 la carabine, stands de d\u00e9gustation <\/span><span style=\"font-size: large;\">occupaient<\/span><span style=\"font-size: large;\"> la place <\/span><span style=\"font-size: large;\">de l\u2019\u00e9glise, <\/span><span style=\"font-size: large;\">ainsi que <\/span><span style=\"font-size: large;\">\u00ab\u00a0Partenaire de l\u2019Espoir\u00a0\u00bb. <\/span><span style=\"font-size: large;\">L\u2019association <\/span><span style=\"font-size: large;\">agit<\/span><span style=\"font-size: large;\"> tout au lon<\/span><span style=\"font-size: large;\">g<\/span><span style=\"font-size: large;\"> de l\u2019ann\u00e9e, pour financer l\u2019AFM <\/span><span style=\"font-size: large;\">engag\u00e9e<\/span><span style=\"font-size: large;\"> contre les maladies g\u00e9n\u00e9tiques rares.<\/span><\/p>\n<p><span style=\"font-size: large;\">\u00ab\u00a0<\/span><span style=\"font-size: large;\">Le temps ne nous aide pas trop, mais les gens sont venus malgr\u00e9 tout. Cette brocante nous permet de redynamiser notre activit\u00e9\u00a0\u00bb, constate <\/span><span style=\"font-size: large;\">Dominique Ballaire, pr\u00e9sident de l\u2019association organisatrice. <\/span><span style=\"font-size: large;\">\u00ab\u00a0Nous avons l\u2019ambition de d\u00e9velopper des animations interg\u00e9n\u00e9rationnelles pour attirer plus de jeunes\u00a0\u00bb, explique-t-il. Parmi les projets, une marche gourmande sera organis\u00e9e fin juin. Entre 11h30 et 17h, sur un parcours de 1<\/span><span style=\"font-size: large;\">0<\/span><span style=\"font-size: large;\"> \u00e0 12 km, plusieurs haltes s<\/span><span style=\"font-size: large;\">er<\/span><span style=\"font-size: large;\">ont pr\u00e9vues <\/span><span style=\"font-size: large;\">pour <\/span><span style=\"font-size: large;\">une<\/span><span style=\"font-size: large;\"> restauration par \u00e9tape. <\/span><\/p>\n<p><span style=\"font-size: large;\">D\u00e9velopper la vie sociale au village, c\u2019est aussi l\u2019ambition du caf\u00e9 associatif \u00ab\u00a0La Lisette\u00a0\u00bb<\/span> <span style=\"font-size: large;\">qui a particip\u00e9 \u00e0 l\u2019organisation de la Brocante. <\/span><span style=\"font-size: large;\">Les exposants sont venus dans ses locaux,<\/span><span style=\"font-size: large;\"> t\u00f4t le matin, pour r\u00e9server les emplacements. La Lisette a \u00e9galement <\/span><span style=\"font-size: large;\">permis au groupe <\/span><span style=\"font-size: large;\">de rock, blues, jazz,<\/span><span style=\"font-size: large;\"> Choron and Co,<\/span> <span style=\"font-size: large;\">de se produire sur la terrasse du caf\u00e9. Le trio de musiciens a interpr\u00e9t\u00e9 une belle vari\u00e9t\u00e9 de titres, <\/span><span style=\"font-size: large;\">mariant des standards<\/span> <span style=\"font-size: large;\">comme \u00ab\u00a0Boum boum\u00a0\u00bb du bluesman John Lee Hoocker ou \u00ab\u00a0Come together des Beatles, des reprises jazzy de \u00ab\u00a0Ma Boh\u00e8me\u00a0\u00bb d\u2019Aznavour ou \u00ab\u00a0Les copains d\u2019abord\u00a0\u00bb de Brassens. <\/span><span style=\"font-size: large;\">Les musiciens ont jou\u00e9 <\/span><span style=\"font-size: large;\">aussi des compositions tir\u00e9<\/span><span style=\"font-size: large;\">e<\/span><span style=\"font-size: large;\">s de leur CD \u00ab\u00a0Indigood\u00a0\u00bb. <\/span><span style=\"font-size: large;\">Seul b\u00e9mol au programme, la pluie qui est venue perturber ce tr\u00e8s agr\u00e9able moment de musique, emp\u00eachant les passants et le public de profiter de cette touche de dynamisme.<\/span><\/p>\n<figure id=\"attachment_1382\" aria-describedby=\"caption-attachment-1382\" style=\"width: 300px\" class=\"wp-caption alignleft\"><a href=\"https:\/\/www.brenne-au-coeur.com\/wp-content\/uploads\/2022\/04\/rock-et-brocante-a-saite-gemme.resized.jpg\" rel=\"lightbox[1381]\"><img loading=\"lazy\" decoding=\"async\" class=\"wp-image-1382 size-medium\" src=\"https:\/\/www.brenne-au-coeur.com\/wp-content\/uploads\/2022\/04\/rock-et-brocante-a-saite-gemme.resized-300x225.jpg\" alt=\"\" width=\"300\" height=\"225\" srcset=\"https:\/\/www.brenne-au-coeur.com\/wp-content\/uploads\/2022\/04\/rock-et-brocante-a-saite-gemme.resized-300x225.jpg 300w, https:\/\/www.brenne-au-coeur.com\/wp-content\/uploads\/2022\/04\/rock-et-brocante-a-saite-gemme.resized.jpg 403w\" sizes=\"auto, (max-width: 300px) 100vw, 300px\" \/><\/a><figcaption id=\"caption-attachment-1382\" class=\"wp-caption-text\">Choron and Co<\/figcaption><\/figure>\n<p><span style=\"font-size: large;\">C<\/span><span style=\"font-size: large;\">horon and Co est un groupe cr\u00e9\u00e9 il y a 4 ans. Il est compos\u00e9 de&nbsp;: Franck Choron, compositeur guitariste et chanteur, Jean-Charles Bavouzet bassiste choriste et Romain Leveque Batteur choriste. <\/span><span style=\"font-size: large;\">Prochains concerts&nbsp;: 5 mai, \u00e0 Giens, 6 mai \u00e0 \u00c9cueill\u00e9 au grand caf\u00e9, 7 mai \u00e0 Poul<\/span><span style=\"font-size: large;\">ai<\/span><span style=\"font-size: large;\">nes, 8 mai \u00e0 Ch\u00e2teauroux, 20 mai \u00e0 Valen\u00e7ay. <\/span><\/p>\n<p>&nbsp;<\/p>\n<p>&nbsp;<\/p>\n<p>&nbsp;<\/p>\n<p>&nbsp;<\/p>\n<p>Philippe Gitton<\/p>\n","protected":false},"excerpt":{"rendered":"<p>Ce dimanche 24 avril, la place du village de Sainte-Gemme a retrouv\u00e9 un petit air festif et musical. Malgr\u00e9 la pluie matinale et le ciel toujours mena\u00e7ant, le centre du bourg accueillait une trentaine de stands. En fin de matin\u00e9e, la terrasse du caf\u00e9 s\u2019animait avec la musique du groupe Choron and Co. Pour la&hellip;&nbsp;<a href=\"https:\/\/www.brenne-au-coeur.com\/index.php\/2022\/04\/24\/rock-et-brocante-a-sainte-gemme\/communes\/sainte-gemme\/1381\/\" rel=\"bookmark\">Lire la suite&nbsp;&raquo;<span class=\"screen-reader-text\">Rock et Brocante \u00e0 Sainte-Gemme<\/span><\/a><\/p>\n","protected":false},"author":1,"featured_media":1383,"comment_status":"open","ping_status":"open","sticky":false,"template":"","format":"standard","meta":{"rop_custom_images_group":[],"rop_custom_messages_group":[],"rop_publish_now":"initial","rop_publish_now_accounts":[],"rop_publish_now_history":[],"rop_publish_now_status":"pending","_monsterinsights_skip_tracking":false,"_monsterinsights_sitenote_active":false,"_monsterinsights_sitenote_note":"","_monsterinsights_sitenote_category":0,"neve_meta_sidebar":"","neve_meta_container":"","neve_meta_enable_content_width":"off","neve_meta_content_width":70,"neve_meta_title_alignment":"","neve_meta_author_avatar":"","neve_post_elements_order":"","neve_meta_disable_header":"","neve_meta_disable_footer":"","neve_meta_disable_title":"","_jetpack_memberships_contains_paid_content":false,"footnotes":"","jetpack_publicize_message":"","jetpack_publicize_feature_enabled":true,"jetpack_social_post_already_shared":false,"jetpack_social_options":{"image_generator_settings":{"template":"highway","default_image_id":0,"font":"","enabled":false},"version":2}},"categories":[17],"tags":[87],"class_list":["post-1381","post","type-post","status-publish","format-standard","has-post-thumbnail","hentry","category-sainte-gemme","tag-brocante"],"aioseo_notices":[],"jetpack_publicize_connections":[],"jetpack_featured_media_url":"https:\/\/www.brenne-au-coeur.com\/wp-content\/uploads\/2022\/04\/rock-et-brocante-3.resized.jpg","jetpack-related-posts":[],"jetpack_sharing_enabled":true,"_links":{"self":[{"href":"https:\/\/www.brenne-au-coeur.com\/index.php\/wp-json\/wp\/v2\/posts\/1381","targetHints":{"allow":["GET"]}}],"collection":[{"href":"https:\/\/www.brenne-au-coeur.com\/index.php\/wp-json\/wp\/v2\/posts"}],"about":[{"href":"https:\/\/www.brenne-au-coeur.com\/index.php\/wp-json\/wp\/v2\/types\/post"}],"author":[{"embeddable":true,"href":"https:\/\/www.brenne-au-coeur.com\/index.php\/wp-json\/wp\/v2\/users\/1"}],"replies":[{"embeddable":true,"href":"https:\/\/www.brenne-au-coeur.com\/index.php\/wp-json\/wp\/v2\/comments?post=1381"}],"version-history":[{"count":0,"href":"https:\/\/www.brenne-au-coeur.com\/index.php\/wp-json\/wp\/v2\/posts\/1381\/revisions"}],"wp:featuredmedia":[{"embeddable":true,"href":"https:\/\/www.brenne-au-coeur.com\/index.php\/wp-json\/wp\/v2\/media\/1383"}],"wp:attachment":[{"href":"https:\/\/www.brenne-au-coeur.com\/index.php\/wp-json\/wp\/v2\/media?parent=1381"}],"wp:term":[{"taxonomy":"category","embeddable":true,"href":"https:\/\/www.brenne-au-coeur.com\/index.php\/wp-json\/wp\/v2\/categories?post=1381"},{"taxonomy":"post_tag","embeddable":true,"href":"https:\/\/www.brenne-au-coeur.com\/index.php\/wp-json\/wp\/v2\/tags?post=1381"}],"curies":[{"name":"wp","href":"https:\/\/api.w.org\/{rel}","templated":true}]}}