{"id":1122,"date":"2022-04-21T15:09:18","date_gmt":"2022-04-21T13:09:18","guid":{"rendered":"https:\/\/www.brenne-au-coeur.com\/?p=1122"},"modified":"2022-06-04T09:34:15","modified_gmt":"2022-06-04T07:34:15","slug":"activites-culturelles-demandez-le-programme","status":"publish","type":"post","link":"https:\/\/www.brenne-au-coeur.com\/index.php\/2022\/04\/21\/activites-culturelles-demandez-le-programme\/mediatheque\/1122\/","title":{"rendered":"Activit\u00e9s culturelles\u00a0: Demandez le programme\u00a0!"},"content":{"rendered":"<figure id=\"attachment_1123\" aria-describedby=\"caption-attachment-1123\" style=\"width: 314px\" class=\"wp-caption alignleft\"><a href=\"https:\/\/www.brenne-au-coeur.com\/wp-content\/uploads\/2022\/04\/culture-mediatheque-1.jpg\" rel=\"lightbox[1122]\"><img loading=\"lazy\" decoding=\"async\" class=\"wp-image-1123\" src=\"https:\/\/www.brenne-au-coeur.com\/wp-content\/uploads\/2022\/04\/culture-mediatheque-1-300x218.jpg\" alt=\"\" width=\"314\" height=\"228\" srcset=\"https:\/\/www.brenne-au-coeur.com\/wp-content\/uploads\/2022\/04\/culture-mediatheque-1-300x218.jpg 300w, https:\/\/www.brenne-au-coeur.com\/wp-content\/uploads\/2022\/04\/culture-mediatheque-1.jpg 500w\" sizes=\"auto, (max-width: 314px) 100vw, 314px\" \/><\/a><figcaption id=\"caption-attachment-1123\" class=\"wp-caption-text\">Tout Lascaux<\/figcaption><\/figure>\n<p><span style=\"font-size: large;\"><a href=\"https:\/\/www.bibliotheques.org\/bibliotheques-et-mediatheques-indre-36\">Les m\u00e9diath\u00e8ques d\u2019Azay-le-Ferron, de Martizay et de M\u00e9zi\u00e8res<\/a> offrent une belle diversit\u00e9 d\u2019animations pour les mois d\u2019avril et mai. Parmi le programme, nous avons retenu plusieurs expositions et deux rencontres.<\/span><\/p>\n<p><span style=\"font-size: large;\"><strong>Tout Lascaux&nbsp;:<\/strong> Une expo multim\u00e9dia et interactive grand public qui retrace toute l\u2019histoire de ce chef-d\u2019oeuvre pr\u00e9historique. Elle sera visible \u00e0 Azay-le-Ferron du mardi 20 avril au mardi 14 juin.<br \/>\n<\/span><\/p>\n<p><span style=\"font-size: large;\"><strong>Dans le meilleur des mondes&nbsp;:<\/strong> Les artistes peintres, Aur\u00e9lie, Chantal et Oph\u00e9lie Maillet et Fran\u00e7oise et Gwladys Lefevre pr\u00e9sentent leurs \u0153uvres \u00e0 Martizay jusqu\u2019au 30 avril.<\/span><\/p>\n<figure id=\"attachment_1130\" aria-describedby=\"caption-attachment-1130\" style=\"width: 225px\" class=\"wp-caption alignright\"><a href=\"https:\/\/www.brenne-au-coeur.com\/wp-content\/uploads\/2022\/04\/culture-mediatheque-Eliane-Aubert-Colombani3-scaled.jpg\" rel=\"lightbox[1122]\"><img loading=\"lazy\" decoding=\"async\" class=\"wp-image-1130 size-medium\" src=\"https:\/\/www.brenne-au-coeur.com\/wp-content\/uploads\/2022\/04\/culture-mediatheque-Eliane-Aubert-Colombani3-225x300.jpg\" alt=\"\" width=\"225\" height=\"300\" srcset=\"https:\/\/www.brenne-au-coeur.com\/wp-content\/uploads\/2022\/04\/culture-mediatheque-Eliane-Aubert-Colombani3-225x300.jpg 225w, https:\/\/www.brenne-au-coeur.com\/wp-content\/uploads\/2022\/04\/culture-mediatheque-Eliane-Aubert-Colombani3-768x1024.jpg 768w, https:\/\/www.brenne-au-coeur.com\/wp-content\/uploads\/2022\/04\/culture-mediatheque-Eliane-Aubert-Colombani3-1152x1536.jpg 1152w, https:\/\/www.brenne-au-coeur.com\/wp-content\/uploads\/2022\/04\/culture-mediatheque-Eliane-Aubert-Colombani3-1536x2048.jpg 1536w, https:\/\/www.brenne-au-coeur.com\/wp-content\/uploads\/2022\/04\/culture-mediatheque-Eliane-Aubert-Colombani3-1320x1760.jpg 1320w, https:\/\/www.brenne-au-coeur.com\/wp-content\/uploads\/2022\/04\/culture-mediatheque-Eliane-Aubert-Colombani3-scaled.jpg 1920w\" sizes=\"auto, (max-width: 225px) 100vw, 225px\" \/><\/a><figcaption id=\"caption-attachment-1130\" class=\"wp-caption-text\">\u00c9liane Aubert-Colombani<\/figcaption><\/figure>\n<p><span style=\"font-size: large;\"><strong>Scrapbooking&nbsp;:<\/strong> Vanessa Bri\u00e9 cr\u00e9e des albums d\u2019une grande originalit\u00e9 pour accueillir les photos. Du lundi 2 au lundi 30 mai \u00e0 Azay-le-Ferron. <\/span><\/p>\n<p><strong><span style=\"font-size: large;\">Litt\u00e9rature&nbsp;: <\/span><\/strong><span style=\"font-size: large;\">Une rencontre est organis\u00e9e avec \u00c9liane Aubert-Colombani, auteure de nombreux ouvrages, samedi 23 avril \u00e0 partir de 15h30 \u00e0 Azay-le-Ferron. Quatre livres seront pr\u00e9sent\u00e9s\u00a0: la perdri\u00e8re, journal d\u2019un collabo, Alzheimer au quotidien et la buse. Tous, sont nourris d\u2019histoires personnelles impr\u00e9gn\u00e9es de la grande histoire ou de faits de soci\u00e9t\u00e9. Des extraits seront lus \u00e0 plusieurs voix. S\u2019en suivra un \u00e9change avec l\u2019auteure. \u00c9liane a pass\u00e9 une partie de son enfance pr\u00e8s de Reuilly-sur-Claise et vit depuis quelques ann\u00e9es \u00e0 la Ch\u00e2tre.<\/span><\/p>\n<figure id=\"attachment_1129\" aria-describedby=\"caption-attachment-1129\" style=\"width: 212px\" class=\"wp-caption alignleft\"><a href=\"https:\/\/www.brenne-au-coeur.com\/wp-content\/uploads\/2022\/04\/culture-mediatheques-2.jpg\" rel=\"lightbox[1122]\"><img loading=\"lazy\" decoding=\"async\" class=\"wp-image-1129 size-medium\" src=\"https:\/\/www.brenne-au-coeur.com\/wp-content\/uploads\/2022\/04\/culture-mediatheques-2-212x300.jpg\" alt=\"\" width=\"212\" height=\"300\" srcset=\"https:\/\/www.brenne-au-coeur.com\/wp-content\/uploads\/2022\/04\/culture-mediatheques-2-212x300.jpg 212w, https:\/\/www.brenne-au-coeur.com\/wp-content\/uploads\/2022\/04\/culture-mediatheques-2.jpg 616w\" sizes=\"auto, (max-width: 212px) 100vw, 212px\" \/><\/a><figcaption id=\"caption-attachment-1129\" class=\"wp-caption-text\">Dans le meilleur des mondes<\/figcaption><\/figure>\n<p><strong><span style=\"font-size: large;\">Conf\u00e9rence sur les volcans&nbsp;: <\/span><\/strong><span style=\"font-size: large;\">S<\/span><span style=\"font-size: large;\">amedi 7 mai \u00e0 14h30 \u00e0 M\u00e9zi\u00e8res Chantal Kroliczak <\/span><span style=\"font-size: large;\">propose un voyage entre Pomp\u00e9i<\/span><span style=\"font-size: large;\">, <\/span><span style=\"font-size: large;\">la c\u00e9l\u00e8bre ville romaine ensevelie suite \u00e0 l\u2019\u00e9ruption volcanique du V\u00e9suve et Lanzarote, une ile de l\u2019archipel des Canaries, connue notamment pour ses volcans.<\/span><span style=\"font-size: large;\">La conf\u00e9rence sera<\/span><span style=\"font-size: large;\"> suivie d\u2019une visite de l\u2019exposition <\/span><span style=\"font-size: large;\">sur les volcans,<\/span><span style=\"font-size: large;\"> \u00e0 la Maison du Parc.<\/span><\/p>\n<p><span style=\"font-size: large;\">R<\/span><span style=\"font-size: large;\">enseignements et inscriptions&nbsp;: M\u00e9diath\u00e8que d&rsquo;Azay&nbsp;:02 54 39 40 97 , m\u00e9diath\u00e8que de Martizay&nbsp;: 02 54 37 87 86, m\u00e9diath\u00e8que de M\u00e9zi\u00e8res-en-Brenne&nbsp;: 02 54 38 12 67<\/span><\/p>\n","protected":false},"excerpt":{"rendered":"<p>Les m\u00e9diath\u00e8ques d\u2019Azay-le-Ferron, de Martizay et de M\u00e9zi\u00e8res offrent une belle diversit\u00e9 d\u2019animations pour les mois d\u2019avril et mai. Parmi le programme, nous avons retenu plusieurs expositions et deux rencontres. Tout Lascaux&nbsp;: Une expo multim\u00e9dia et interactive grand public qui retrace toute l\u2019histoire de ce chef-d\u2019oeuvre pr\u00e9historique. Elle sera visible \u00e0 Azay-le-Ferron du mardi 20&hellip;&nbsp;<a href=\"https:\/\/www.brenne-au-coeur.com\/index.php\/2022\/04\/21\/activites-culturelles-demandez-le-programme\/mediatheque\/1122\/\" rel=\"bookmark\">Lire la suite&nbsp;&raquo;<span class=\"screen-reader-text\">Activit\u00e9s culturelles\u00a0: Demandez le programme\u00a0!<\/span><\/a><\/p>\n","protected":false},"author":1,"featured_media":1123,"comment_status":"open","ping_status":"open","sticky":false,"template":"","format":"standard","meta":{"rop_custom_images_group":[],"rop_custom_messages_group":[],"rop_publish_now":"initial","rop_publish_now_accounts":[],"rop_publish_now_history":[],"rop_publish_now_status":"pending","_monsterinsights_skip_tracking":false,"_monsterinsights_sitenote_active":false,"_monsterinsights_sitenote_note":"","_monsterinsights_sitenote_category":0,"neve_meta_sidebar":"","neve_meta_container":"","neve_meta_enable_content_width":"off","neve_meta_content_width":70,"neve_meta_title_alignment":"","neve_meta_author_avatar":"","neve_post_elements_order":"","neve_meta_disable_header":"","neve_meta_disable_footer":"","neve_meta_disable_title":"","_jetpack_memberships_contains_paid_content":false,"footnotes":"","jetpack_publicize_message":"","jetpack_publicize_feature_enabled":true,"jetpack_social_post_already_shared":false,"jetpack_social_options":{"image_generator_settings":{"template":"highway","default_image_id":0,"font":"","enabled":false},"version":2}},"categories":[59],"tags":[84,52],"class_list":["post-1122","post","type-post","status-publish","format-standard","has-post-thumbnail","hentry","category-mediatheque","tag-conference","tag-exposition"],"aioseo_notices":[],"jetpack_publicize_connections":[],"jetpack_featured_media_url":"https:\/\/www.brenne-au-coeur.com\/wp-content\/uploads\/2022\/04\/culture-mediatheque-1.jpg","jetpack-related-posts":[],"jetpack_sharing_enabled":true,"_links":{"self":[{"href":"https:\/\/www.brenne-au-coeur.com\/index.php\/wp-json\/wp\/v2\/posts\/1122","targetHints":{"allow":["GET"]}}],"collection":[{"href":"https:\/\/www.brenne-au-coeur.com\/index.php\/wp-json\/wp\/v2\/posts"}],"about":[{"href":"https:\/\/www.brenne-au-coeur.com\/index.php\/wp-json\/wp\/v2\/types\/post"}],"author":[{"embeddable":true,"href":"https:\/\/www.brenne-au-coeur.com\/index.php\/wp-json\/wp\/v2\/users\/1"}],"replies":[{"embeddable":true,"href":"https:\/\/www.brenne-au-coeur.com\/index.php\/wp-json\/wp\/v2\/comments?post=1122"}],"version-history":[{"count":2,"href":"https:\/\/www.brenne-au-coeur.com\/index.php\/wp-json\/wp\/v2\/posts\/1122\/revisions"}],"predecessor-version":[{"id":1953,"href":"https:\/\/www.brenne-au-coeur.com\/index.php\/wp-json\/wp\/v2\/posts\/1122\/revisions\/1953"}],"wp:featuredmedia":[{"embeddable":true,"href":"https:\/\/www.brenne-au-coeur.com\/index.php\/wp-json\/wp\/v2\/media\/1123"}],"wp:attachment":[{"href":"https:\/\/www.brenne-au-coeur.com\/index.php\/wp-json\/wp\/v2\/media?parent=1122"}],"wp:term":[{"taxonomy":"category","embeddable":true,"href":"https:\/\/www.brenne-au-coeur.com\/index.php\/wp-json\/wp\/v2\/categories?post=1122"},{"taxonomy":"post_tag","embeddable":true,"href":"https:\/\/www.brenne-au-coeur.com\/index.php\/wp-json\/wp\/v2\/tags?post=1122"}],"curies":[{"name":"wp","href":"https:\/\/api.w.org\/{rel}","templated":true}]}}